{"id":911,"date":"2026-03-04T11:22:46","date_gmt":"2026-03-04T11:22:46","guid":{"rendered":"https:\/\/academiacienciasveterinariascyl.com\/noticias\/?p=911"},"modified":"2026-03-07T11:38:14","modified_gmt":"2026-03-07T11:38:14","slug":"toma-de-posesion-del-academico-correspondiente-de-d-juan-jose-ayuso-sainz","status":"publish","type":"post","link":"https:\/\/academiacienciasveterinariascyl.com\/noticias\/toma-de-posesion-del-academico-correspondiente-de-d-juan-jose-ayuso-sainz\/","title":{"rendered":"Toma de posesi\u00f3n del Acad\u00e9mico Correspondiente de D. Juan Jos\u00e9 Ayuso Sainz."},"content":{"rendered":"\n<p>Toma de posesi\u00f3n del acad\u00e9mico correspondiente de D. Juan Jos\u00e9 Ayuso Sainz. <\/p>\n\n\n\n<p>Quien pronunci\u00f3 el discurso titulado. <\/p>\n\n\n\n<p><strong>\u00abLa Profesi\u00f3n Veterinaria ante el abismo. Veterinaria de emergencia y resiliencia sanitaria ante el colapso.\u00bb <\/strong><\/p>\n\n\n\n<figure class=\"wp-block-embed is-type-video is-provider-youtube wp-block-embed-youtube wp-embed-aspect-16-9 wp-has-aspect-ratio\"><div class=\"wp-block-embed__wrapper\">\n<iframe loading=\"lazy\" title=\"Toma de posesi\u00f3n del acad\u00e9mico correspondiente de  D. Juan Jos\u00e9 Ayuso Sainz.\" width=\"770\" height=\"433\" src=\"https:\/\/www.youtube.com\/embed\/Sg4ULqr6bkw?feature=oembed\" frameborder=\"0\" allow=\"accelerometer; autoplay; clipboard-write; encrypted-media; gyroscope; picture-in-picture; web-share\" referrerpolicy=\"strict-origin-when-cross-origin\" allowfullscreen><\/iframe>\n<\/div><\/figure>\n\n\n\n<p><\/p>\n\n\n\n<p>En nombre de la academia la presentaci\u00f3n y laudatio, correspondi\u00f3 al acad\u00e9mico de n\u00famero D. Vicente Gonz\u00e1lez Eguren. <\/p>\n\n\n\n<figure class=\"wp-block-image size-large\"><img loading=\"lazy\" decoding=\"async\" width=\"1024\" height=\"683\" src=\"https:\/\/academiacienciasveterinariascyl.com\/noticias\/wp-content\/uploads\/2026\/03\/Juan-Jose-Ayuso-Sainz-academico-1024x683.jpg\" alt=\"\" class=\"wp-image-916\" srcset=\"https:\/\/academiacienciasveterinariascyl.com\/noticias\/wp-content\/uploads\/2026\/03\/Juan-Jose-Ayuso-Sainz-academico-1024x683.jpg 1024w, https:\/\/academiacienciasveterinariascyl.com\/noticias\/wp-content\/uploads\/2026\/03\/Juan-Jose-Ayuso-Sainz-academico-300x200.jpg 300w, https:\/\/academiacienciasveterinariascyl.com\/noticias\/wp-content\/uploads\/2026\/03\/Juan-Jose-Ayuso-Sainz-academico-768x512.jpg 768w, https:\/\/academiacienciasveterinariascyl.com\/noticias\/wp-content\/uploads\/2026\/03\/Juan-Jose-Ayuso-Sainz-academico.jpg 1088w\" sizes=\"(max-width: 1024px) 100vw, 1024px\" \/><\/figure>\n\n\n\n<figure class=\"wp-block-image size-large\"><img loading=\"lazy\" decoding=\"async\" width=\"1024\" height=\"683\" src=\"https:\/\/academiacienciasveterinariascyl.com\/noticias\/wp-content\/uploads\/2026\/03\/Juan-Jose-Ayuso-Sainz-academico3-1024x683.jpg\" alt=\"\" class=\"wp-image-913\" srcset=\"https:\/\/academiacienciasveterinariascyl.com\/noticias\/wp-content\/uploads\/2026\/03\/Juan-Jose-Ayuso-Sainz-academico3-1024x683.jpg 1024w, https:\/\/academiacienciasveterinariascyl.com\/noticias\/wp-content\/uploads\/2026\/03\/Juan-Jose-Ayuso-Sainz-academico3-300x200.jpg 300w, https:\/\/academiacienciasveterinariascyl.com\/noticias\/wp-content\/uploads\/2026\/03\/Juan-Jose-Ayuso-Sainz-academico3-768x512.jpg 768w, https:\/\/academiacienciasveterinariascyl.com\/noticias\/wp-content\/uploads\/2026\/03\/Juan-Jose-Ayuso-Sainz-academico3.jpg 1088w\" sizes=\"(max-width: 1024px) 100vw, 1024px\" \/><\/figure>\n\n\n\n<p>4 de marzo de 2026. Paraninfo Gord\u00f3n Ord\u00e1s. Universidad de Le\u00f3n<\/p>\n\n\n\n<figure class=\"wp-block-image size-large\"><img loading=\"lazy\" decoding=\"async\" width=\"1024\" height=\"683\" src=\"https:\/\/academiacienciasveterinariascyl.com\/noticias\/wp-content\/uploads\/2026\/03\/Juan-Jose-Ayuso-Sainz-academico5-1024x683.jpg\" alt=\"\" class=\"wp-image-920\" srcset=\"https:\/\/academiacienciasveterinariascyl.com\/noticias\/wp-content\/uploads\/2026\/03\/Juan-Jose-Ayuso-Sainz-academico5-1024x683.jpg 1024w, https:\/\/academiacienciasveterinariascyl.com\/noticias\/wp-content\/uploads\/2026\/03\/Juan-Jose-Ayuso-Sainz-academico5-300x200.jpg 300w, https:\/\/academiacienciasveterinariascyl.com\/noticias\/wp-content\/uploads\/2026\/03\/Juan-Jose-Ayuso-Sainz-academico5-768x512.jpg 768w, https:\/\/academiacienciasveterinariascyl.com\/noticias\/wp-content\/uploads\/2026\/03\/Juan-Jose-Ayuso-Sainz-academico5.jpg 1088w\" sizes=\"(max-width: 1024px) 100vw, 1024px\" \/><\/figure>\n\n\n\n<figure class=\"wp-block-image size-large\"><img loading=\"lazy\" decoding=\"async\" width=\"1024\" height=\"683\" src=\"https:\/\/academiacienciasveterinariascyl.com\/noticias\/wp-content\/uploads\/2026\/03\/Juan-Jose-Ayuso-Sainz-academico1-1024x683.jpg\" alt=\"\" class=\"wp-image-915\" srcset=\"https:\/\/academiacienciasveterinariascyl.com\/noticias\/wp-content\/uploads\/2026\/03\/Juan-Jose-Ayuso-Sainz-academico1-1024x683.jpg 1024w, https:\/\/academiacienciasveterinariascyl.com\/noticias\/wp-content\/uploads\/2026\/03\/Juan-Jose-Ayuso-Sainz-academico1-300x200.jpg 300w, https:\/\/academiacienciasveterinariascyl.com\/noticias\/wp-content\/uploads\/2026\/03\/Juan-Jose-Ayuso-Sainz-academico1-768x512.jpg 768w, https:\/\/academiacienciasveterinariascyl.com\/noticias\/wp-content\/uploads\/2026\/03\/Juan-Jose-Ayuso-Sainz-academico1.jpg 1088w\" sizes=\"(max-width: 1024px) 100vw, 1024px\" \/><\/figure>\n\n\n\n<figure class=\"wp-block-image size-large\"><img loading=\"lazy\" decoding=\"async\" width=\"1024\" height=\"683\" src=\"https:\/\/academiacienciasveterinariascyl.com\/noticias\/wp-content\/uploads\/2026\/03\/Juan-Jose-Ayuso-Sainz-academico4-1024x683.jpg\" alt=\"\" class=\"wp-image-917\" srcset=\"https:\/\/academiacienciasveterinariascyl.com\/noticias\/wp-content\/uploads\/2026\/03\/Juan-Jose-Ayuso-Sainz-academico4-1024x683.jpg 1024w, https:\/\/academiacienciasveterinariascyl.com\/noticias\/wp-content\/uploads\/2026\/03\/Juan-Jose-Ayuso-Sainz-academico4-300x200.jpg 300w, https:\/\/academiacienciasveterinariascyl.com\/noticias\/wp-content\/uploads\/2026\/03\/Juan-Jose-Ayuso-Sainz-academico4-768x512.jpg 768w, https:\/\/academiacienciasveterinariascyl.com\/noticias\/wp-content\/uploads\/2026\/03\/Juan-Jose-Ayuso-Sainz-academico4.jpg 1088w\" sizes=\"(max-width: 1024px) 100vw, 1024px\" \/><\/figure>\n\n\n\n<figure class=\"wp-block-image size-large\"><img loading=\"lazy\" decoding=\"async\" width=\"1024\" height=\"683\" src=\"https:\/\/academiacienciasveterinariascyl.com\/noticias\/wp-content\/uploads\/2026\/03\/Juan-Jose-Ayuso-Sainz-academico2-1024x683.jpg\" alt=\"\" class=\"wp-image-914\" srcset=\"https:\/\/academiacienciasveterinariascyl.com\/noticias\/wp-content\/uploads\/2026\/03\/Juan-Jose-Ayuso-Sainz-academico2-1024x683.jpg 1024w, https:\/\/academiacienciasveterinariascyl.com\/noticias\/wp-content\/uploads\/2026\/03\/Juan-Jose-Ayuso-Sainz-academico2-300x200.jpg 300w, https:\/\/academiacienciasveterinariascyl.com\/noticias\/wp-content\/uploads\/2026\/03\/Juan-Jose-Ayuso-Sainz-academico2-768x512.jpg 768w, https:\/\/academiacienciasveterinariascyl.com\/noticias\/wp-content\/uploads\/2026\/03\/Juan-Jose-Ayuso-Sainz-academico2.jpg 1088w\" sizes=\"(max-width: 1024px) 100vw, 1024px\" \/><\/figure>\n","protected":false},"excerpt":{"rendered":"<p>Toma de posesi\u00f3n del acad\u00e9mico correspondiente de D. Juan Jos\u00e9 Ayuso Sainz. Quien pronunci\u00f3 el discurso titulado. \u00abLa Profesi\u00f3n Veterinaria ante el abismo. Veterinaria de&hellip;<\/p>\n","protected":false},"author":1,"featured_media":912,"comment_status":"open","ping_status":"open","sticky":false,"template":"","format":"standard","meta":{"footnotes":""},"categories":[1],"tags":[],"_links":{"self":[{"href":"https:\/\/academiacienciasveterinariascyl.com\/noticias\/wp-json\/wp\/v2\/posts\/911"}],"collection":[{"href":"https:\/\/academiacienciasveterinariascyl.com\/noticias\/wp-json\/wp\/v2\/posts"}],"about":[{"href":"https:\/\/academiacienciasveterinariascyl.com\/noticias\/wp-json\/wp\/v2\/types\/post"}],"author":[{"embeddable":true,"href":"https:\/\/academiacienciasveterinariascyl.com\/noticias\/wp-json\/wp\/v2\/users\/1"}],"replies":[{"embeddable":true,"href":"https:\/\/academiacienciasveterinariascyl.com\/noticias\/wp-json\/wp\/v2\/comments?post=911"}],"version-history":[{"count":3,"href":"https:\/\/academiacienciasveterinariascyl.com\/noticias\/wp-json\/wp\/v2\/posts\/911\/revisions"}],"predecessor-version":[{"id":921,"href":"https:\/\/academiacienciasveterinariascyl.com\/noticias\/wp-json\/wp\/v2\/posts\/911\/revisions\/921"}],"wp:featuredmedia":[{"embeddable":true,"href":"https:\/\/academiacienciasveterinariascyl.com\/noticias\/wp-json\/wp\/v2\/media\/912"}],"wp:attachment":[{"href":"https:\/\/academiacienciasveterinariascyl.com\/noticias\/wp-json\/wp\/v2\/media?parent=911"}],"wp:term":[{"taxonomy":"category","embeddable":true,"href":"https:\/\/academiacienciasveterinariascyl.com\/noticias\/wp-json\/wp\/v2\/categories?post=911"},{"taxonomy":"post_tag","embeddable":true,"href":"https:\/\/academiacienciasveterinariascyl.com\/noticias\/wp-json\/wp\/v2\/tags?post=911"}],"curies":[{"name":"wp","href":"https:\/\/api.w.org\/{rel}","templated":true}]}}