{"id":91,"date":"2019-02-20T19:09:57","date_gmt":"2019-02-20T19:09:57","guid":{"rendered":"http:\/\/academiacienciasveterinariascyl.com\/noticias\/?p=91"},"modified":"2019-11-19T17:23:40","modified_gmt":"2019-11-19T17:23:40","slug":"apertura-curso-2019-de-la-academia-de-ciencias-veterinarias-de-castilla-y-leon","status":"publish","type":"post","link":"https:\/\/academiacienciasveterinariascyl.com\/noticias\/apertura-curso-2019-de-la-academia-de-ciencias-veterinarias-de-castilla-y-leon\/","title":{"rendered":"Apertura Curso 2019 de la Academia de Ciencias Veterinarias de Castilla y Le\u00f3n"},"content":{"rendered":"\n<p>Acto celebrado el 20 de febrero de 2019, a las 18:30 horas en el Paraninfo Gord\u00f3n Ord\u00e1s del Edificio \u2018El Albeitar\u2019, de la Universidad de Le\u00f3n<\/p>\n\n\n\n<p><a href=\"https:\/\/youtu.be\/rHnBspMJKzA\" target=\"_blank\" rel=\"noreferrer noopener\" aria-label=\"VER VIDEO PRESENTACI\u00d3N  (abre en una nueva pesta\u00f1a)\">VER VIDEO PRESENTACI\u00d3N <\/a><\/p>\n\n\n\n<figure class=\"wp-block-image\"><img loading=\"lazy\" decoding=\"async\" width=\"800\" height=\"533\" src=\"https:\/\/academiacienciasveterinariascyl.com\/noticias\/wp-content\/uploads\/2019\/02\/apertura-curso-2019.jpg\" alt=\"\" class=\"wp-image-92\" srcset=\"https:\/\/academiacienciasveterinariascyl.com\/noticias\/wp-content\/uploads\/2019\/02\/apertura-curso-2019.jpg 800w, https:\/\/academiacienciasveterinariascyl.com\/noticias\/wp-content\/uploads\/2019\/02\/apertura-curso-2019-300x200.jpg 300w, https:\/\/academiacienciasveterinariascyl.com\/noticias\/wp-content\/uploads\/2019\/02\/apertura-curso-2019-768x512.jpg 768w\" sizes=\"(max-width: 800px) 100vw, 800px\" \/><\/figure>\n\n\n\n<figure class=\"wp-block-image\"><img loading=\"lazy\" decoding=\"async\" width=\"800\" height=\"533\" src=\"https:\/\/academiacienciasveterinariascyl.com\/noticias\/wp-content\/uploads\/2019\/02\/apertura-curso-2019-secretario.jpg\" alt=\"\" class=\"wp-image-93\" srcset=\"https:\/\/academiacienciasveterinariascyl.com\/noticias\/wp-content\/uploads\/2019\/02\/apertura-curso-2019-secretario.jpg 800w, https:\/\/academiacienciasveterinariascyl.com\/noticias\/wp-content\/uploads\/2019\/02\/apertura-curso-2019-secretario-300x200.jpg 300w, https:\/\/academiacienciasveterinariascyl.com\/noticias\/wp-content\/uploads\/2019\/02\/apertura-curso-2019-secretario-768x512.jpg 768w\" sizes=\"(max-width: 800px) 100vw, 800px\" \/><\/figure>\n\n\n\n<p>Orden del D\u00eda:<\/p>\n\n\n\n<ol><li>Apertura del Curso 2019, por el Excmo. Sr. Presidente de la Academia<\/li><li>Memoria del Curso 2018, por el Excmo. Sr. Secretario de la Academia<\/li><li>Entrega de Premios de la Academia<\/li><\/ol>\n\n\n\n<figure class=\"wp-block-image\"><img loading=\"lazy\" decoding=\"async\" width=\"800\" height=\"530\" src=\"https:\/\/academiacienciasveterinariascyl.com\/noticias\/wp-content\/uploads\/2019\/02\/premiados.jpg\" alt=\"\" class=\"wp-image-94\" srcset=\"https:\/\/academiacienciasveterinariascyl.com\/noticias\/wp-content\/uploads\/2019\/02\/premiados.jpg 800w, https:\/\/academiacienciasveterinariascyl.com\/noticias\/wp-content\/uploads\/2019\/02\/premiados-300x199.jpg 300w, https:\/\/academiacienciasveterinariascyl.com\/noticias\/wp-content\/uploads\/2019\/02\/premiados-768x509.jpg 768w\" sizes=\"(max-width: 800px) 100vw, 800px\" \/><\/figure>\n\n\n\n<p><\/p>\n\n\n\n<ol><li>Lectura del Discurso de Apertura:<br> \u00abEl Bienestar Animal y las Ciencias Veterinarias\u201d,<br> a cargo del Excmo. Sr. D. Vicente R. Gaudioso Lacasa, Acad\u00e9mico de N\u00famero<\/li><\/ol>\n\n\n\n<figure class=\"wp-block-image\"><img loading=\"lazy\" decoding=\"async\" width=\"799\" height=\"533\" src=\"https:\/\/academiacienciasveterinariascyl.com\/noticias\/wp-content\/uploads\/2019\/02\/discurso-presentacion.jpg\" alt=\"\" class=\"wp-image-95\" srcset=\"https:\/\/academiacienciasveterinariascyl.com\/noticias\/wp-content\/uploads\/2019\/02\/discurso-presentacion.jpg 799w, https:\/\/academiacienciasveterinariascyl.com\/noticias\/wp-content\/uploads\/2019\/02\/discurso-presentacion-300x200.jpg 300w, https:\/\/academiacienciasveterinariascyl.com\/noticias\/wp-content\/uploads\/2019\/02\/discurso-presentacion-768x512.jpg 768w\" sizes=\"(max-width: 799px) 100vw, 799px\" \/><\/figure>\n\n\n\n<ol><li>Intervenci\u00f3n del Vice Consejero de Agricultura y Ganader\u00eda,<br> de la Junta de Castilla y Le\u00f3n.<\/li><li>Clausura del Acto, por el Excmo. Sr. Presidente de la Academia<\/li><\/ol>\n","protected":false},"excerpt":{"rendered":"<p>Acto celebrado el 20 de febrero de 2019, a las 18:30 horas en el Paraninfo Gord\u00f3n Ord\u00e1s del Edificio \u2018El Albeitar\u2019, de la Universidad de&hellip;<\/p>\n","protected":false},"author":1,"featured_media":104,"comment_status":"open","ping_status":"open","sticky":false,"template":"","format":"standard","meta":{"footnotes":""},"categories":[1],"tags":[],"_links":{"self":[{"href":"https:\/\/academiacienciasveterinariascyl.com\/noticias\/wp-json\/wp\/v2\/posts\/91"}],"collection":[{"href":"https:\/\/academiacienciasveterinariascyl.com\/noticias\/wp-json\/wp\/v2\/posts"}],"about":[{"href":"https:\/\/academiacienciasveterinariascyl.com\/noticias\/wp-json\/wp\/v2\/types\/post"}],"author":[{"embeddable":true,"href":"https:\/\/academiacienciasveterinariascyl.com\/noticias\/wp-json\/wp\/v2\/users\/1"}],"replies":[{"embeddable":true,"href":"https:\/\/academiacienciasveterinariascyl.com\/noticias\/wp-json\/wp\/v2\/comments?post=91"}],"version-history":[{"count":2,"href":"https:\/\/academiacienciasveterinariascyl.com\/noticias\/wp-json\/wp\/v2\/posts\/91\/revisions"}],"predecessor-version":[{"id":164,"href":"https:\/\/academiacienciasveterinariascyl.com\/noticias\/wp-json\/wp\/v2\/posts\/91\/revisions\/164"}],"wp:featuredmedia":[{"embeddable":true,"href":"https:\/\/academiacienciasveterinariascyl.com\/noticias\/wp-json\/wp\/v2\/media\/104"}],"wp:attachment":[{"href":"https:\/\/academiacienciasveterinariascyl.com\/noticias\/wp-json\/wp\/v2\/media?parent=91"}],"wp:term":[{"taxonomy":"category","embeddable":true,"href":"https:\/\/academiacienciasveterinariascyl.com\/noticias\/wp-json\/wp\/v2\/categories?post=91"},{"taxonomy":"post_tag","embeddable":true,"href":"https:\/\/academiacienciasveterinariascyl.com\/noticias\/wp-json\/wp\/v2\/tags?post=91"}],"curies":[{"name":"wp","href":"https:\/\/api.w.org\/{rel}","templated":true}]}}