{"id":909,"date":"2026-02-18T11:18:14","date_gmt":"2026-02-18T11:18:14","guid":{"rendered":"https:\/\/academiacienciasveterinariascyl.com\/noticias\/?p=909"},"modified":"2026-03-07T12:05:24","modified_gmt":"2026-03-07T12:05:24","slug":"apertura-del-curso-2026-academia-de-ciencias-veterinarias-de-castilla-y-leon","status":"publish","type":"post","link":"https:\/\/academiacienciasveterinariascyl.com\/noticias\/apertura-del-curso-2026-academia-de-ciencias-veterinarias-de-castilla-y-leon\/","title":{"rendered":"Apertura del Curso 2026 Academia de Ciencias Veterinarias de Castilla y Le\u00f3n:"},"content":{"rendered":"\n<p>La Academia de Ciencias Veterinarias de Castilla y Le\u00f3n tiene el honor de invitarle al acto solemne y p\u00fablico de Apertura del Curso con arreglo al siguiente orden del d\u00eda: <\/p>\n\n\n\n<figure class=\"wp-block-embed is-type-video is-provider-youtube wp-block-embed-youtube wp-embed-aspect-16-9 wp-has-aspect-ratio\"><div class=\"wp-block-embed__wrapper\">\n<iframe loading=\"lazy\" title=\"Apertura del Curso  2026 de la Academia de Ciencias Veterinarias de Castilla y Le\u00f3n\" width=\"770\" height=\"433\" src=\"https:\/\/www.youtube.com\/embed\/rXx59YNbxdE?feature=oembed\" frameborder=\"0\" allow=\"accelerometer; autoplay; clipboard-write; encrypted-media; gyroscope; picture-in-picture; web-share\" referrerpolicy=\"strict-origin-when-cross-origin\" allowfullscreen><\/iframe>\n<\/div><\/figure>\n\n\n\n<p>1. Inauguraci\u00f3n del curso acad\u00e9mico 2026 <\/p>\n\n\n\n<p>2. Lectura de la Memoria del curso acad\u00e9mico 2025 por Ilma. Sra. Secretaria.<\/p>\n\n\n\n<figure class=\"wp-block-image size-large\"><img loading=\"lazy\" decoding=\"async\" width=\"1024\" height=\"683\" src=\"https:\/\/academiacienciasveterinariascyl.com\/noticias\/wp-content\/uploads\/2026\/03\/apertura-curso-academia2-1024x683.jpg\" alt=\"\" class=\"wp-image-923\" srcset=\"https:\/\/academiacienciasveterinariascyl.com\/noticias\/wp-content\/uploads\/2026\/03\/apertura-curso-academia2-1024x683.jpg 1024w, https:\/\/academiacienciasveterinariascyl.com\/noticias\/wp-content\/uploads\/2026\/03\/apertura-curso-academia2-300x200.jpg 300w, https:\/\/academiacienciasveterinariascyl.com\/noticias\/wp-content\/uploads\/2026\/03\/apertura-curso-academia2-768x512.jpg 768w, https:\/\/academiacienciasveterinariascyl.com\/noticias\/wp-content\/uploads\/2026\/03\/apertura-curso-academia2.jpg 1088w\" sizes=\"(max-width: 1024px) 100vw, 1024px\" \/><\/figure>\n\n\n\n<p>3. Discurso de apertura del curso acad\u00e9mico por el Acad\u00e9mico de N\u00famero Ilmo. Sr. D. Estanislao de Luis Calabuig: Veterinaria y Medio Ambiente: El concepto de \u00abUna Sola Salud\u00bb.<\/p>\n\n\n\n<figure class=\"wp-block-image size-large\"><img loading=\"lazy\" decoding=\"async\" width=\"1024\" height=\"683\" src=\"https:\/\/academiacienciasveterinariascyl.com\/noticias\/wp-content\/uploads\/2026\/03\/Estanislao-de-Luis-Calabuig-1024x683.jpg\" alt=\"\" class=\"wp-image-924\" srcset=\"https:\/\/academiacienciasveterinariascyl.com\/noticias\/wp-content\/uploads\/2026\/03\/Estanislao-de-Luis-Calabuig-1024x683.jpg 1024w, https:\/\/academiacienciasveterinariascyl.com\/noticias\/wp-content\/uploads\/2026\/03\/Estanislao-de-Luis-Calabuig-300x200.jpg 300w, https:\/\/academiacienciasveterinariascyl.com\/noticias\/wp-content\/uploads\/2026\/03\/Estanislao-de-Luis-Calabuig-768x512.jpg 768w, https:\/\/academiacienciasveterinariascyl.com\/noticias\/wp-content\/uploads\/2026\/03\/Estanislao-de-Luis-Calabuig.jpg 1088w\" sizes=\"(max-width: 1024px) 100vw, 1024px\" \/><\/figure>\n\n\n\n<p>4. Entrega de los premios del Colegio de la Profesi\u00f3n Veterinaria de Le\u00f3n y del Consejo de la Profesi\u00f3n Veterinaria de Castilla y Le\u00f3n.<\/p>\n\n\n\n<figure class=\"wp-block-image size-large\"><img loading=\"lazy\" decoding=\"async\" width=\"1024\" height=\"683\" src=\"https:\/\/academiacienciasveterinariascyl.com\/noticias\/wp-content\/uploads\/2026\/03\/apertura-curso-academia1-1024x683.jpg\" alt=\"\" class=\"wp-image-925\" srcset=\"https:\/\/academiacienciasveterinariascyl.com\/noticias\/wp-content\/uploads\/2026\/03\/apertura-curso-academia1-1024x683.jpg 1024w, https:\/\/academiacienciasveterinariascyl.com\/noticias\/wp-content\/uploads\/2026\/03\/apertura-curso-academia1-300x200.jpg 300w, https:\/\/academiacienciasveterinariascyl.com\/noticias\/wp-content\/uploads\/2026\/03\/apertura-curso-academia1-768x512.jpg 768w, https:\/\/academiacienciasveterinariascyl.com\/noticias\/wp-content\/uploads\/2026\/03\/apertura-curso-academia1.jpg 1088w\" sizes=\"(max-width: 1024px) 100vw, 1024px\" \/><\/figure>\n\n\n\n<p>5\u00ba Imposici\u00f3n de la Medalla de Honor a D. Luciano D\u00edez D\u00edez, exPresidente del Colegio de Veterinarios de Le\u00f3n y del Consejo de Colegios Veterinarios de Castilla y Le\u00f3n.<\/p>\n\n\n\n<figure class=\"wp-block-image size-large\"><img loading=\"lazy\" decoding=\"async\" width=\"1024\" height=\"683\" src=\"https:\/\/academiacienciasveterinariascyl.com\/noticias\/wp-content\/uploads\/2026\/03\/apertura-curso-academia-ciencias-veterinarias2-1024x683.jpg\" alt=\"\" class=\"wp-image-926\" srcset=\"https:\/\/academiacienciasveterinariascyl.com\/noticias\/wp-content\/uploads\/2026\/03\/apertura-curso-academia-ciencias-veterinarias2-1024x683.jpg 1024w, https:\/\/academiacienciasveterinariascyl.com\/noticias\/wp-content\/uploads\/2026\/03\/apertura-curso-academia-ciencias-veterinarias2-300x200.jpg 300w, https:\/\/academiacienciasveterinariascyl.com\/noticias\/wp-content\/uploads\/2026\/03\/apertura-curso-academia-ciencias-veterinarias2-768x512.jpg 768w, https:\/\/academiacienciasveterinariascyl.com\/noticias\/wp-content\/uploads\/2026\/03\/apertura-curso-academia-ciencias-veterinarias2.jpg 1088w\" sizes=\"(max-width: 1024px) 100vw, 1024px\" \/><\/figure>\n\n\n\n<p>6. Clausura del acto. Academia de Ciencias Veterinarias de Castilla y Le\u00f3n.<\/p>\n\n\n\n<figure class=\"wp-block-image size-large\"><img loading=\"lazy\" decoding=\"async\" width=\"1024\" height=\"683\" src=\"https:\/\/academiacienciasveterinariascyl.com\/noticias\/wp-content\/uploads\/2026\/03\/apertura-curso-academia-ciencias-veterinarias-1024x683.jpg\" alt=\"\" class=\"wp-image-927\" srcset=\"https:\/\/academiacienciasveterinariascyl.com\/noticias\/wp-content\/uploads\/2026\/03\/apertura-curso-academia-ciencias-veterinarias-1024x683.jpg 1024w, https:\/\/academiacienciasveterinariascyl.com\/noticias\/wp-content\/uploads\/2026\/03\/apertura-curso-academia-ciencias-veterinarias-300x200.jpg 300w, https:\/\/academiacienciasveterinariascyl.com\/noticias\/wp-content\/uploads\/2026\/03\/apertura-curso-academia-ciencias-veterinarias-768x512.jpg 768w, https:\/\/academiacienciasveterinariascyl.com\/noticias\/wp-content\/uploads\/2026\/03\/apertura-curso-academia-ciencias-veterinarias.jpg 1088w\" sizes=\"(max-width: 1024px) 100vw, 1024px\" \/><\/figure>\n\n\n\n<p>18 de febrero de 2026, sala Gord\u00f3n Ord\u00e1s del edificio El Alb\u00e9itar de la Universidad de Le\u00f3n.<\/p>\n","protected":false},"excerpt":{"rendered":"<p>La Academia de Ciencias Veterinarias de Castilla y Le\u00f3n tiene el honor de invitarle al acto solemne y p\u00fablico de Apertura del Curso con arreglo&hellip;<\/p>\n","protected":false},"author":1,"featured_media":75,"comment_status":"open","ping_status":"open","sticky":false,"template":"","format":"standard","meta":{"footnotes":""},"categories":[1],"tags":[],"_links":{"self":[{"href":"https:\/\/academiacienciasveterinariascyl.com\/noticias\/wp-json\/wp\/v2\/posts\/909"}],"collection":[{"href":"https:\/\/academiacienciasveterinariascyl.com\/noticias\/wp-json\/wp\/v2\/posts"}],"about":[{"href":"https:\/\/academiacienciasveterinariascyl.com\/noticias\/wp-json\/wp\/v2\/types\/post"}],"author":[{"embeddable":true,"href":"https:\/\/academiacienciasveterinariascyl.com\/noticias\/wp-json\/wp\/v2\/users\/1"}],"replies":[{"embeddable":true,"href":"https:\/\/academiacienciasveterinariascyl.com\/noticias\/wp-json\/wp\/v2\/comments?post=909"}],"version-history":[{"count":4,"href":"https:\/\/academiacienciasveterinariascyl.com\/noticias\/wp-json\/wp\/v2\/posts\/909\/revisions"}],"predecessor-version":[{"id":929,"href":"https:\/\/academiacienciasveterinariascyl.com\/noticias\/wp-json\/wp\/v2\/posts\/909\/revisions\/929"}],"wp:featuredmedia":[{"embeddable":true,"href":"https:\/\/academiacienciasveterinariascyl.com\/noticias\/wp-json\/wp\/v2\/media\/75"}],"wp:attachment":[{"href":"https:\/\/academiacienciasveterinariascyl.com\/noticias\/wp-json\/wp\/v2\/media?parent=909"}],"wp:term":[{"taxonomy":"category","embeddable":true,"href":"https:\/\/academiacienciasveterinariascyl.com\/noticias\/wp-json\/wp\/v2\/categories?post=909"},{"taxonomy":"post_tag","embeddable":true,"href":"https:\/\/academiacienciasveterinariascyl.com\/noticias\/wp-json\/wp\/v2\/tags?post=909"}],"curies":[{"name":"wp","href":"https:\/\/api.w.org\/{rel}","templated":true}]}}