{"id":896,"date":"2026-01-28T17:08:15","date_gmt":"2026-01-28T17:08:15","guid":{"rendered":"https:\/\/academiacienciasveterinariascyl.com\/noticias\/?p=896"},"modified":"2026-02-04T17:21:19","modified_gmt":"2026-02-04T17:21:19","slug":"acto-solemne-de-toma-de-posesion-del-academico-correspondiente-ilmo-sr-dr-d-manuel-garcia-gomez","status":"publish","type":"post","link":"https:\/\/academiacienciasveterinariascyl.com\/noticias\/acto-solemne-de-toma-de-posesion-del-academico-correspondiente-ilmo-sr-dr-d-manuel-garcia-gomez\/","title":{"rendered":"Acto Solemne de Toma de Posesi\u00f3n del Acad\u00e9mico Correspondiente: Ilmo. Sr. Dr. D. Manuel Garc\u00eda G\u00f3mez."},"content":{"rendered":"\n<p>Acto Solemne de Toma de Posesi\u00f3n del Acad\u00e9mico Correspondiente: Ilmo. Sr. Dr. D. Manuel Garc\u00eda G\u00f3mez. <\/p>\n\n\n\n<figure class=\"wp-block-embed is-type-video is-provider-youtube wp-block-embed-youtube wp-embed-aspect-16-9 wp-has-aspect-ratio\"><div class=\"wp-block-embed__wrapper\">\n<iframe loading=\"lazy\" title=\"Acto Solemne de Toma de Posesi\u00f3n del Acad\u00e9mico Correspondiente: Ilmo. Sr. Dr. D. Manuel Garc\u00eda G\u00f3mez\" width=\"770\" height=\"433\" src=\"https:\/\/www.youtube.com\/embed\/wNgG3n0I9IY?feature=oembed\" frameborder=\"0\" allow=\"accelerometer; autoplay; clipboard-write; encrypted-media; gyroscope; picture-in-picture; web-share\" referrerpolicy=\"strict-origin-when-cross-origin\" allowfullscreen><\/iframe>\n<\/div><\/figure>\n\n\n\n<p>Quien pronunci\u00f3 el discurso titulado: <\/p>\n\n\n\n<p><strong>\u201cLa inspecci\u00f3n veterinaria en frontera: Una Sola Salud en un mundo globalizado\u201d . <\/strong><\/p>\n\n\n\n<figure class=\"wp-block-image size-large\"><img loading=\"lazy\" decoding=\"async\" width=\"1024\" height=\"683\" src=\"https:\/\/academiacienciasveterinariascyl.com\/noticias\/wp-content\/uploads\/2026\/02\/Manuel-Garcia-Gomez-dicurso-1024x683.jpg\" alt=\"\" class=\"wp-image-897\" srcset=\"https:\/\/academiacienciasveterinariascyl.com\/noticias\/wp-content\/uploads\/2026\/02\/Manuel-Garcia-Gomez-dicurso-1024x683.jpg 1024w, https:\/\/academiacienciasveterinariascyl.com\/noticias\/wp-content\/uploads\/2026\/02\/Manuel-Garcia-Gomez-dicurso-300x200.jpg 300w, https:\/\/academiacienciasveterinariascyl.com\/noticias\/wp-content\/uploads\/2026\/02\/Manuel-Garcia-Gomez-dicurso-768x512.jpg 768w, https:\/\/academiacienciasveterinariascyl.com\/noticias\/wp-content\/uploads\/2026\/02\/Manuel-Garcia-Gomez-dicurso.jpg 1088w\" sizes=\"(max-width: 1024px) 100vw, 1024px\" \/><\/figure>\n\n\n\n<p>En nombre de la Academia, la presentaci\u00f3n y laudatio corresponden a la Acad\u00e9mica de N\u00famero, Ilma. Sra. Dra. D\u00f1a. Olga M\u00ednguez Gonz\u00e1lez. <\/p>\n\n\n\n<figure class=\"wp-block-image size-large\"><img loading=\"lazy\" decoding=\"async\" width=\"1024\" height=\"683\" src=\"https:\/\/academiacienciasveterinariascyl.com\/noticias\/wp-content\/uploads\/2026\/02\/olga-minguez-1-1024x683.jpg\" alt=\"\" class=\"wp-image-898\" srcset=\"https:\/\/academiacienciasveterinariascyl.com\/noticias\/wp-content\/uploads\/2026\/02\/olga-minguez-1-1024x683.jpg 1024w, https:\/\/academiacienciasveterinariascyl.com\/noticias\/wp-content\/uploads\/2026\/02\/olga-minguez-1-300x200.jpg 300w, https:\/\/academiacienciasveterinariascyl.com\/noticias\/wp-content\/uploads\/2026\/02\/olga-minguez-1-768x512.jpg 768w, https:\/\/academiacienciasveterinariascyl.com\/noticias\/wp-content\/uploads\/2026\/02\/olga-minguez-1.jpg 1088w\" sizes=\"(max-width: 1024px) 100vw, 1024px\" \/><\/figure>\n\n\n\n<p>28 de Enero de 202, Paraninfo Gord\u00f3n Ord\u00e1s del Edificio \u201cEl Albeitar\u201d del Rectorado de la Universidad de Le\u00f3n. <\/p>\n\n\n\n<figure class=\"wp-block-image size-large\"><img loading=\"lazy\" decoding=\"async\" width=\"1024\" height=\"683\" src=\"https:\/\/academiacienciasveterinariascyl.com\/noticias\/wp-content\/uploads\/2026\/02\/IMG_5636-1024x683.jpg\" alt=\"\" class=\"wp-image-904\" srcset=\"https:\/\/academiacienciasveterinariascyl.com\/noticias\/wp-content\/uploads\/2026\/02\/IMG_5636-1024x683.jpg 1024w, https:\/\/academiacienciasveterinariascyl.com\/noticias\/wp-content\/uploads\/2026\/02\/IMG_5636-300x200.jpg 300w, https:\/\/academiacienciasveterinariascyl.com\/noticias\/wp-content\/uploads\/2026\/02\/IMG_5636-768x512.jpg 768w, https:\/\/academiacienciasveterinariascyl.com\/noticias\/wp-content\/uploads\/2026\/02\/IMG_5636-1536x1024.jpg 1536w, https:\/\/academiacienciasveterinariascyl.com\/noticias\/wp-content\/uploads\/2026\/02\/IMG_5636-2048x1365.jpg 2048w\" sizes=\"(max-width: 1024px) 100vw, 1024px\" \/><\/figure>\n\n\n\n<figure class=\"wp-block-image size-large\"><img loading=\"lazy\" decoding=\"async\" width=\"1024\" height=\"683\" src=\"https:\/\/academiacienciasveterinariascyl.com\/noticias\/wp-content\/uploads\/2026\/02\/Manuel-Garcia-gomez-imposicion-titullo-1024x683.jpg\" alt=\"\" class=\"wp-image-900\" srcset=\"https:\/\/academiacienciasveterinariascyl.com\/noticias\/wp-content\/uploads\/2026\/02\/Manuel-Garcia-gomez-imposicion-titullo-1024x683.jpg 1024w, https:\/\/academiacienciasveterinariascyl.com\/noticias\/wp-content\/uploads\/2026\/02\/Manuel-Garcia-gomez-imposicion-titullo-300x200.jpg 300w, https:\/\/academiacienciasveterinariascyl.com\/noticias\/wp-content\/uploads\/2026\/02\/Manuel-Garcia-gomez-imposicion-titullo-768x512.jpg 768w, https:\/\/academiacienciasveterinariascyl.com\/noticias\/wp-content\/uploads\/2026\/02\/Manuel-Garcia-gomez-imposicion-titullo.jpg 1088w\" sizes=\"(max-width: 1024px) 100vw, 1024px\" \/><\/figure>\n\n\n\n<figure class=\"wp-block-image size-large\"><img loading=\"lazy\" decoding=\"async\" width=\"1024\" height=\"683\" src=\"https:\/\/academiacienciasveterinariascyl.com\/noticias\/wp-content\/uploads\/2026\/02\/Manuel-Garcia-Gomez-academico-1024x683.jpg\" alt=\"\" class=\"wp-image-901\" srcset=\"https:\/\/academiacienciasveterinariascyl.com\/noticias\/wp-content\/uploads\/2026\/02\/Manuel-Garcia-Gomez-academico-1024x683.jpg 1024w, https:\/\/academiacienciasveterinariascyl.com\/noticias\/wp-content\/uploads\/2026\/02\/Manuel-Garcia-Gomez-academico-300x200.jpg 300w, https:\/\/academiacienciasveterinariascyl.com\/noticias\/wp-content\/uploads\/2026\/02\/Manuel-Garcia-Gomez-academico-768x512.jpg 768w, https:\/\/academiacienciasveterinariascyl.com\/noticias\/wp-content\/uploads\/2026\/02\/Manuel-Garcia-Gomez-academico.jpg 1088w\" sizes=\"(max-width: 1024px) 100vw, 1024px\" \/><\/figure>\n\n\n\n<p>Academia de Ciencias Veterinarias de Castilla y Le\u00f3n<\/p>\n\n\n","protected":false},"excerpt":{"rendered":"<p>Acto Solemne de Toma de Posesi\u00f3n del Acad\u00e9mico Correspondiente: Ilmo. Sr. Dr. D. Manuel Garc\u00eda G\u00f3mez. Quien pronunci\u00f3 el discurso titulado: \u201cLa inspecci\u00f3n veterinaria en&hellip;<\/p>\n","protected":false},"author":1,"featured_media":902,"comment_status":"open","ping_status":"open","sticky":false,"template":"","format":"standard","meta":{"footnotes":""},"categories":[1],"tags":[],"_links":{"self":[{"href":"https:\/\/academiacienciasveterinariascyl.com\/noticias\/wp-json\/wp\/v2\/posts\/896"}],"collection":[{"href":"https:\/\/academiacienciasveterinariascyl.com\/noticias\/wp-json\/wp\/v2\/posts"}],"about":[{"href":"https:\/\/academiacienciasveterinariascyl.com\/noticias\/wp-json\/wp\/v2\/types\/post"}],"author":[{"embeddable":true,"href":"https:\/\/academiacienciasveterinariascyl.com\/noticias\/wp-json\/wp\/v2\/users\/1"}],"replies":[{"embeddable":true,"href":"https:\/\/academiacienciasveterinariascyl.com\/noticias\/wp-json\/wp\/v2\/comments?post=896"}],"version-history":[{"count":4,"href":"https:\/\/academiacienciasveterinariascyl.com\/noticias\/wp-json\/wp\/v2\/posts\/896\/revisions"}],"predecessor-version":[{"id":907,"href":"https:\/\/academiacienciasveterinariascyl.com\/noticias\/wp-json\/wp\/v2\/posts\/896\/revisions\/907"}],"wp:featuredmedia":[{"embeddable":true,"href":"https:\/\/academiacienciasveterinariascyl.com\/noticias\/wp-json\/wp\/v2\/media\/902"}],"wp:attachment":[{"href":"https:\/\/academiacienciasveterinariascyl.com\/noticias\/wp-json\/wp\/v2\/media?parent=896"}],"wp:term":[{"taxonomy":"category","embeddable":true,"href":"https:\/\/academiacienciasveterinariascyl.com\/noticias\/wp-json\/wp\/v2\/categories?post=896"},{"taxonomy":"post_tag","embeddable":true,"href":"https:\/\/academiacienciasveterinariascyl.com\/noticias\/wp-json\/wp\/v2\/tags?post=896"}],"curies":[{"name":"wp","href":"https:\/\/api.w.org\/{rel}","templated":true}]}}