{"id":890,"date":"2026-01-21T16:57:39","date_gmt":"2026-01-21T16:57:39","guid":{"rendered":"https:\/\/academiacienciasveterinariascyl.com\/noticias\/?p=890"},"modified":"2026-02-04T17:08:11","modified_gmt":"2026-02-04T17:08:11","slug":"toma-de-posesion-del-academico-correspondiente-ilmo-sr-dr-d-carlos-pineiro","status":"publish","type":"post","link":"https:\/\/academiacienciasveterinariascyl.com\/noticias\/toma-de-posesion-del-academico-correspondiente-ilmo-sr-dr-d-carlos-pineiro\/","title":{"rendered":"Toma de Posesi\u00f3n del Acad\u00e9mico Correspondiente: Ilmo. Sr. Dr. D. Carlos Pi\u00f1eiro"},"content":{"rendered":"\n<p>Acto Solemne de Toma de Posesi\u00f3n del Acad\u00e9mico Correspondiente: Ilmo. Sr. Dr. D. Carlos Pi\u00f1eiro Nogueira. <\/p>\n\n\n\n<figure class=\"wp-block-embed is-type-video is-provider-youtube wp-block-embed-youtube wp-embed-aspect-16-9 wp-has-aspect-ratio\"><div class=\"wp-block-embed__wrapper\">\n<iframe loading=\"lazy\" title=\"Toma de Posesi\u00f3n del Acad\u00e9mico Correspondiente del  Dr. D. Carlos Pi\u00f1eiro Nogueira.\" width=\"770\" height=\"433\" src=\"https:\/\/www.youtube.com\/embed\/y9ZtY0DabXs?feature=oembed\" frameborder=\"0\" allow=\"accelerometer; autoplay; clipboard-write; encrypted-media; gyroscope; picture-in-picture; web-share\" referrerpolicy=\"strict-origin-when-cross-origin\" allowfullscreen><\/iframe>\n<\/div><\/figure>\n\n\n\n<p>Quien pronunci\u00f3 el discurso titulado: <\/p>\n\n\n\n<p><strong>\u201cTransformaci\u00f3n digital, ciencia de datos e inteligencia artificial en Sanidad y Producci\u00f3n animal\u201d <\/strong><\/p>\n\n\n\n<figure class=\"wp-block-image size-large\"><img loading=\"lazy\" decoding=\"async\" width=\"1024\" height=\"683\" src=\"https:\/\/academiacienciasveterinariascyl.com\/noticias\/wp-content\/uploads\/2026\/02\/Carlos-Pineiro-Nogueira-academia-1024x683.jpg\" alt=\"\" class=\"wp-image-892\" srcset=\"https:\/\/academiacienciasveterinariascyl.com\/noticias\/wp-content\/uploads\/2026\/02\/Carlos-Pineiro-Nogueira-academia-1024x683.jpg 1024w, https:\/\/academiacienciasveterinariascyl.com\/noticias\/wp-content\/uploads\/2026\/02\/Carlos-Pineiro-Nogueira-academia-300x200.jpg 300w, https:\/\/academiacienciasveterinariascyl.com\/noticias\/wp-content\/uploads\/2026\/02\/Carlos-Pineiro-Nogueira-academia-768x512.jpg 768w, https:\/\/academiacienciasveterinariascyl.com\/noticias\/wp-content\/uploads\/2026\/02\/Carlos-Pineiro-Nogueira-academia.jpg 1088w\" sizes=\"(max-width: 1024px) 100vw, 1024px\" \/><\/figure>\n\n\n\n<p>En nombre de la Academia, la presentaci\u00f3n y laudatio corresponden a la Acad\u00e9mica de N\u00famero, Ilma. Sra. Dra. D\u00f1a. Olga M\u00ednguez Gonz\u00e1lez. <\/p>\n\n\n\n<figure class=\"wp-block-image size-large\"><img loading=\"lazy\" decoding=\"async\" width=\"1024\" height=\"683\" src=\"https:\/\/academiacienciasveterinariascyl.com\/noticias\/wp-content\/uploads\/2026\/02\/olga-minguez-1024x683.jpg\" alt=\"\" class=\"wp-image-893\" srcset=\"https:\/\/academiacienciasveterinariascyl.com\/noticias\/wp-content\/uploads\/2026\/02\/olga-minguez-1024x683.jpg 1024w, https:\/\/academiacienciasveterinariascyl.com\/noticias\/wp-content\/uploads\/2026\/02\/olga-minguez-300x200.jpg 300w, https:\/\/academiacienciasveterinariascyl.com\/noticias\/wp-content\/uploads\/2026\/02\/olga-minguez-768x512.jpg 768w, https:\/\/academiacienciasveterinariascyl.com\/noticias\/wp-content\/uploads\/2026\/02\/olga-minguez.jpg 1088w\" sizes=\"(max-width: 1024px) 100vw, 1024px\" \/><\/figure>\n\n\n\n<p>El Acto se celebr\u00f3 el 21 de Enero de 2026 en el Paraninfo Gord\u00f3n Ord\u00e1s del Edificio \u201cEl Albeitar\u201d del Rectorado de la Universidad de Le\u00f3n. <\/p>\n\n\n\n<p>Academia de Ciencias Veterinarias de Castilla y Le\u00f3n.<\/p>\n\n\n\n<p><\/p>\n\n\n\n<figure class=\"wp-block-image size-large\"><img loading=\"lazy\" decoding=\"async\" width=\"1024\" height=\"683\" src=\"https:\/\/academiacienciasveterinariascyl.com\/noticias\/wp-content\/uploads\/2026\/02\/Carlos-Pineiro-Nogueira-academia-ciencias-veterinarias-1024x683.jpg\" alt=\"\" class=\"wp-image-894\" srcset=\"https:\/\/academiacienciasveterinariascyl.com\/noticias\/wp-content\/uploads\/2026\/02\/Carlos-Pineiro-Nogueira-academia-ciencias-veterinarias-1024x683.jpg 1024w, https:\/\/academiacienciasveterinariascyl.com\/noticias\/wp-content\/uploads\/2026\/02\/Carlos-Pineiro-Nogueira-academia-ciencias-veterinarias-300x200.jpg 300w, https:\/\/academiacienciasveterinariascyl.com\/noticias\/wp-content\/uploads\/2026\/02\/Carlos-Pineiro-Nogueira-academia-ciencias-veterinarias-768x512.jpg 768w, https:\/\/academiacienciasveterinariascyl.com\/noticias\/wp-content\/uploads\/2026\/02\/Carlos-Pineiro-Nogueira-academia-ciencias-veterinarias.jpg 1088w\" sizes=\"(max-width: 1024px) 100vw, 1024px\" \/><\/figure>\n","protected":false},"excerpt":{"rendered":"<p>Acto Solemne de Toma de Posesi\u00f3n del Acad\u00e9mico Correspondiente: Ilmo. Sr. Dr. D. Carlos Pi\u00f1eiro Nogueira. Quien pronunci\u00f3 el discurso titulado: \u201cTransformaci\u00f3n digital, ciencia de&hellip;<\/p>\n","protected":false},"author":1,"featured_media":891,"comment_status":"open","ping_status":"open","sticky":false,"template":"","format":"standard","meta":{"footnotes":""},"categories":[1],"tags":[],"_links":{"self":[{"href":"https:\/\/academiacienciasveterinariascyl.com\/noticias\/wp-json\/wp\/v2\/posts\/890"}],"collection":[{"href":"https:\/\/academiacienciasveterinariascyl.com\/noticias\/wp-json\/wp\/v2\/posts"}],"about":[{"href":"https:\/\/academiacienciasveterinariascyl.com\/noticias\/wp-json\/wp\/v2\/types\/post"}],"author":[{"embeddable":true,"href":"https:\/\/academiacienciasveterinariascyl.com\/noticias\/wp-json\/wp\/v2\/users\/1"}],"replies":[{"embeddable":true,"href":"https:\/\/academiacienciasveterinariascyl.com\/noticias\/wp-json\/wp\/v2\/comments?post=890"}],"version-history":[{"count":1,"href":"https:\/\/academiacienciasveterinariascyl.com\/noticias\/wp-json\/wp\/v2\/posts\/890\/revisions"}],"predecessor-version":[{"id":895,"href":"https:\/\/academiacienciasveterinariascyl.com\/noticias\/wp-json\/wp\/v2\/posts\/890\/revisions\/895"}],"wp:featuredmedia":[{"embeddable":true,"href":"https:\/\/academiacienciasveterinariascyl.com\/noticias\/wp-json\/wp\/v2\/media\/891"}],"wp:attachment":[{"href":"https:\/\/academiacienciasveterinariascyl.com\/noticias\/wp-json\/wp\/v2\/media?parent=890"}],"wp:term":[{"taxonomy":"category","embeddable":true,"href":"https:\/\/academiacienciasveterinariascyl.com\/noticias\/wp-json\/wp\/v2\/categories?post=890"},{"taxonomy":"post_tag","embeddable":true,"href":"https:\/\/academiacienciasveterinariascyl.com\/noticias\/wp-json\/wp\/v2\/tags?post=890"}],"curies":[{"name":"wp","href":"https:\/\/api.w.org\/{rel}","templated":true}]}}