{"id":882,"date":"2025-11-18T16:51:09","date_gmt":"2025-11-18T16:51:09","guid":{"rendered":"https:\/\/academiacienciasveterinariascyl.com\/noticias\/?p=882"},"modified":"2025-11-25T16:59:38","modified_gmt":"2025-11-25T16:59:38","slug":"toma-de-posesion-del-academico-de-numero-ilmo-sr-dr-d-felipe-fernandez-vazquez","status":"publish","type":"post","link":"https:\/\/academiacienciasveterinariascyl.com\/noticias\/toma-de-posesion-del-academico-de-numero-ilmo-sr-dr-d-felipe-fernandez-vazquez\/","title":{"rendered":"Toma de Posesi\u00f3n del Acad\u00e9mico de N\u00famero: Ilmo. Sr. Dr. D. Felipe Fern\u00e1ndez V\u00e1zquez."},"content":{"rendered":"\n<p>Academia de Ciencias Veterinarias de Castilla y Le\u00f3n. 18 de Noviembre de 2025 en el Paraninfo Gord\u00f3n Ord\u00e1s del Edificio \u201cEl Albeitar\u201d del Rectorado de la Universidad de Le\u00f3n <\/p>\n\n\n\n<figure class=\"wp-block-embed is-type-video is-provider-youtube wp-block-embed-youtube wp-embed-aspect-16-9 wp-has-aspect-ratio\"><div class=\"wp-block-embed__wrapper\">\n<iframe loading=\"lazy\" title=\"Toma de Posesi\u00f3n del Acad\u00e9mico de N\u00famero: Ilmo. Sr. Dr. D. Felipe Fern\u00e1ndez V\u00e1zquez.\" width=\"770\" height=\"433\" src=\"https:\/\/www.youtube.com\/embed\/4CjLDr6y0xU?feature=oembed\" frameborder=\"0\" allow=\"accelerometer; autoplay; clipboard-write; encrypted-media; gyroscope; picture-in-picture; web-share\" referrerpolicy=\"strict-origin-when-cross-origin\" allowfullscreen><\/iframe>\n<\/div><\/figure>\n\n\n\n<figure class=\"wp-block-image size-large\"><img loading=\"lazy\" decoding=\"async\" width=\"1024\" height=\"624\" src=\"https:\/\/academiacienciasveterinariascyl.com\/noticias\/wp-content\/uploads\/2025\/11\/Toma-de-Posesion-del-Academico-de-Numero-Felipe-Fernandez-Vazquez-1024x624.jpg\" alt=\"\" class=\"wp-image-883\" srcset=\"https:\/\/academiacienciasveterinariascyl.com\/noticias\/wp-content\/uploads\/2025\/11\/Toma-de-Posesion-del-Academico-de-Numero-Felipe-Fernandez-Vazquez-1024x624.jpg 1024w, https:\/\/academiacienciasveterinariascyl.com\/noticias\/wp-content\/uploads\/2025\/11\/Toma-de-Posesion-del-Academico-de-Numero-Felipe-Fernandez-Vazquez-300x183.jpg 300w, https:\/\/academiacienciasveterinariascyl.com\/noticias\/wp-content\/uploads\/2025\/11\/Toma-de-Posesion-del-Academico-de-Numero-Felipe-Fernandez-Vazquez-768x468.jpg 768w, https:\/\/academiacienciasveterinariascyl.com\/noticias\/wp-content\/uploads\/2025\/11\/Toma-de-Posesion-del-Academico-de-Numero-Felipe-Fernandez-Vazquez.jpg 1088w\" sizes=\"(max-width: 1024px) 100vw, 1024px\" \/><\/figure>\n\n\n\n<p>Acto Solemne de Toma de Posesi\u00f3n del Acad\u00e9mico de N\u00famero: Ilmo. Sr. Dr. D. Felipe Fern\u00e1ndez V\u00e1zquez. Quien pronunci\u00f3 el discurso titulado: \u201c\u201cReparaci\u00f3n valvular percut\u00e1nea para la insuficiencia mitral aguda despu\u00e9s de un infarto agudo de miocardio: Grupo Hemole\u00f3n\u201d<\/p>\n\n\n\n<figure class=\"wp-block-image size-large\"><img loading=\"lazy\" decoding=\"async\" width=\"1024\" height=\"615\" src=\"https:\/\/academiacienciasveterinariascyl.com\/noticias\/wp-content\/uploads\/2025\/11\/Toma-de-Posesion-del-Academico-de-Numero-Felipe-Fernandez-Vazquez1-1024x615.jpg\" alt=\"\" class=\"wp-image-884\" srcset=\"https:\/\/academiacienciasveterinariascyl.com\/noticias\/wp-content\/uploads\/2025\/11\/Toma-de-Posesion-del-Academico-de-Numero-Felipe-Fernandez-Vazquez1-1024x615.jpg 1024w, https:\/\/academiacienciasveterinariascyl.com\/noticias\/wp-content\/uploads\/2025\/11\/Toma-de-Posesion-del-Academico-de-Numero-Felipe-Fernandez-Vazquez1-300x180.jpg 300w, https:\/\/academiacienciasveterinariascyl.com\/noticias\/wp-content\/uploads\/2025\/11\/Toma-de-Posesion-del-Academico-de-Numero-Felipe-Fernandez-Vazquez1-768x461.jpg 768w, https:\/\/academiacienciasveterinariascyl.com\/noticias\/wp-content\/uploads\/2025\/11\/Toma-de-Posesion-del-Academico-de-Numero-Felipe-Fernandez-Vazquez1.jpg 1088w\" sizes=\"(max-width: 1024px) 100vw, 1024px\" \/><\/figure>\n\n\n\n<p>\u201d En nombre de la Academia, la contestaci\u00f3n y laudatio corresponden al Acad\u00e9mico de N\u00famero, Ilmo. Sr. Dr. D. Jos\u00e9 Manuel Gonzalo.<\/p>\n\n\n\n<figure class=\"wp-block-image size-full\"><img loading=\"lazy\" decoding=\"async\" width=\"834\" height=\"723\" src=\"https:\/\/academiacienciasveterinariascyl.com\/noticias\/wp-content\/uploads\/2025\/11\/D.-Jose-Manuel-Gonzalo.jpg\" alt=\"\" class=\"wp-image-885\" srcset=\"https:\/\/academiacienciasveterinariascyl.com\/noticias\/wp-content\/uploads\/2025\/11\/D.-Jose-Manuel-Gonzalo.jpg 834w, https:\/\/academiacienciasveterinariascyl.com\/noticias\/wp-content\/uploads\/2025\/11\/D.-Jose-Manuel-Gonzalo-300x260.jpg 300w, https:\/\/academiacienciasveterinariascyl.com\/noticias\/wp-content\/uploads\/2025\/11\/D.-Jose-Manuel-Gonzalo-768x666.jpg 768w\" sizes=\"(max-width: 834px) 100vw, 834px\" \/><\/figure>\n\n\n\n<figure class=\"wp-block-image size-large\"><img loading=\"lazy\" decoding=\"async\" width=\"1024\" height=\"683\" src=\"https:\/\/academiacienciasveterinariascyl.com\/noticias\/wp-content\/uploads\/2025\/11\/Academico-de-Numero-Felipe-Fernandez-Vazquez1-1024x683.jpg\" alt=\"\" class=\"wp-image-886\" srcset=\"https:\/\/academiacienciasveterinariascyl.com\/noticias\/wp-content\/uploads\/2025\/11\/Academico-de-Numero-Felipe-Fernandez-Vazquez1-1024x683.jpg 1024w, https:\/\/academiacienciasveterinariascyl.com\/noticias\/wp-content\/uploads\/2025\/11\/Academico-de-Numero-Felipe-Fernandez-Vazquez1-300x200.jpg 300w, https:\/\/academiacienciasveterinariascyl.com\/noticias\/wp-content\/uploads\/2025\/11\/Academico-de-Numero-Felipe-Fernandez-Vazquez1-768x512.jpg 768w, https:\/\/academiacienciasveterinariascyl.com\/noticias\/wp-content\/uploads\/2025\/11\/Academico-de-Numero-Felipe-Fernandez-Vazquez1.jpg 1088w\" sizes=\"(max-width: 1024px) 100vw, 1024px\" \/><\/figure>\n","protected":false},"excerpt":{"rendered":"<p>Academia de Ciencias Veterinarias de Castilla y Le\u00f3n. 18 de Noviembre de 2025 en el Paraninfo Gord\u00f3n Ord\u00e1s del Edificio \u201cEl Albeitar\u201d del Rectorado de&hellip;<\/p>\n","protected":false},"author":1,"featured_media":887,"comment_status":"open","ping_status":"open","sticky":false,"template":"","format":"standard","meta":{"footnotes":""},"categories":[1],"tags":[],"_links":{"self":[{"href":"https:\/\/academiacienciasveterinariascyl.com\/noticias\/wp-json\/wp\/v2\/posts\/882"}],"collection":[{"href":"https:\/\/academiacienciasveterinariascyl.com\/noticias\/wp-json\/wp\/v2\/posts"}],"about":[{"href":"https:\/\/academiacienciasveterinariascyl.com\/noticias\/wp-json\/wp\/v2\/types\/post"}],"author":[{"embeddable":true,"href":"https:\/\/academiacienciasveterinariascyl.com\/noticias\/wp-json\/wp\/v2\/users\/1"}],"replies":[{"embeddable":true,"href":"https:\/\/academiacienciasveterinariascyl.com\/noticias\/wp-json\/wp\/v2\/comments?post=882"}],"version-history":[{"count":1,"href":"https:\/\/academiacienciasveterinariascyl.com\/noticias\/wp-json\/wp\/v2\/posts\/882\/revisions"}],"predecessor-version":[{"id":888,"href":"https:\/\/academiacienciasveterinariascyl.com\/noticias\/wp-json\/wp\/v2\/posts\/882\/revisions\/888"}],"wp:featuredmedia":[{"embeddable":true,"href":"https:\/\/academiacienciasveterinariascyl.com\/noticias\/wp-json\/wp\/v2\/media\/887"}],"wp:attachment":[{"href":"https:\/\/academiacienciasveterinariascyl.com\/noticias\/wp-json\/wp\/v2\/media?parent=882"}],"wp:term":[{"taxonomy":"category","embeddable":true,"href":"https:\/\/academiacienciasveterinariascyl.com\/noticias\/wp-json\/wp\/v2\/categories?post=882"},{"taxonomy":"post_tag","embeddable":true,"href":"https:\/\/academiacienciasveterinariascyl.com\/noticias\/wp-json\/wp\/v2\/tags?post=882"}],"curies":[{"name":"wp","href":"https:\/\/api.w.org\/{rel}","templated":true}]}}