{"id":871,"date":"2025-11-10T16:19:39","date_gmt":"2025-11-10T16:19:39","guid":{"rendered":"https:\/\/academiacienciasveterinariascyl.com\/noticias\/?p=871"},"modified":"2025-11-25T16:48:29","modified_gmt":"2025-11-25T16:48:29","slug":"jornada-sobre-la-ganaderia-extensiva-en-castilla-y-leon","status":"publish","type":"post","link":"https:\/\/academiacienciasveterinariascyl.com\/noticias\/jornada-sobre-la-ganaderia-extensiva-en-castilla-y-leon\/","title":{"rendered":"Jornada sobre \u00abLA GANADER\u00cdA EXTENSIVA EN CASTILLA Y LE\u00d3N\u00bb"},"content":{"rendered":"\n<p><\/p>\n\n\n\n<p>El Acto celebrado el 10 de noviembre de 2025, a las 16:45 horas en el Paraninfo Gord\u00f3n Ord\u00e1s del Edificio \u201cEl Alb\u00e9itar\u201d, de la Universidad de Le\u00f3n.<\/p>\n\n\n\n<figure class=\"wp-block-embed is-type-video is-provider-youtube wp-block-embed-youtube wp-embed-aspect-16-9 wp-has-aspect-ratio\"><div class=\"wp-block-embed__wrapper\">\n<iframe loading=\"lazy\" title=\"La ganader\u00eda extensiva en Castilla y Le\u00f3n\" width=\"770\" height=\"433\" src=\"https:\/\/www.youtube.com\/embed\/cmzuC4pQepA?feature=oembed\" frameborder=\"0\" allow=\"accelerometer; autoplay; clipboard-write; encrypted-media; gyroscope; picture-in-picture; web-share\" referrerpolicy=\"strict-origin-when-cross-origin\" allowfullscreen><\/iframe>\n<\/div><\/figure>\n\n\n\n<p><strong>PROGRAMA <\/strong><\/p>\n\n\n\n<p>16:50 horas INAUGURACION <\/p>\n\n\n\n<figure class=\"wp-block-image size-large\"><img loading=\"lazy\" decoding=\"async\" width=\"1024\" height=\"452\" src=\"https:\/\/academiacienciasveterinariascyl.com\/noticias\/wp-content\/uploads\/2025\/11\/la-ganaderia-extensiva-en-castilla-y-leon-jornada-1024x452.jpg\" alt=\"\" class=\"wp-image-880\" srcset=\"https:\/\/academiacienciasveterinariascyl.com\/noticias\/wp-content\/uploads\/2025\/11\/la-ganaderia-extensiva-en-castilla-y-leon-jornada-1024x452.jpg 1024w, https:\/\/academiacienciasveterinariascyl.com\/noticias\/wp-content\/uploads\/2025\/11\/la-ganaderia-extensiva-en-castilla-y-leon-jornada-300x132.jpg 300w, https:\/\/academiacienciasveterinariascyl.com\/noticias\/wp-content\/uploads\/2025\/11\/la-ganaderia-extensiva-en-castilla-y-leon-jornada-768x339.jpg 768w, https:\/\/academiacienciasveterinariascyl.com\/noticias\/wp-content\/uploads\/2025\/11\/la-ganaderia-extensiva-en-castilla-y-leon-jornada.jpg 1088w\" sizes=\"(max-width: 1024px) 100vw, 1024px\" \/><\/figure>\n\n\n\n<p>17:00 a 17:35 horas <\/p>\n\n\n\n<p>EL FACTOR ANIMAL Coordinador: Dr. D. Carlos Gonzalo Abascal. Acad\u00e9mico de la Secci\u00f3n de Zootecnia. Catedr\u00e1tico de Producciones Animales (Universidad de Le\u00f3n). Intervienen: Dr. D. Fernando de la Fuente Crespo, Catedr\u00e1tico del \u00e1rea de Producci\u00f3n Animal (Universidad de Le\u00f3n). D. Benedicto Gonz\u00e1lez Yag\u00fce Ganadero en sistema extensivo. <\/p>\n\n\n\n<figure class=\"wp-block-image size-large\"><img loading=\"lazy\" decoding=\"async\" width=\"1024\" height=\"683\" src=\"https:\/\/academiacienciasveterinariascyl.com\/noticias\/wp-content\/uploads\/2025\/11\/Carlos-Gonzalo-Abascal-1024x683.jpg\" alt=\"\" class=\"wp-image-872\" srcset=\"https:\/\/academiacienciasveterinariascyl.com\/noticias\/wp-content\/uploads\/2025\/11\/Carlos-Gonzalo-Abascal-1024x683.jpg 1024w, https:\/\/academiacienciasveterinariascyl.com\/noticias\/wp-content\/uploads\/2025\/11\/Carlos-Gonzalo-Abascal-300x200.jpg 300w, https:\/\/academiacienciasveterinariascyl.com\/noticias\/wp-content\/uploads\/2025\/11\/Carlos-Gonzalo-Abascal-768x512.jpg 768w, https:\/\/academiacienciasveterinariascyl.com\/noticias\/wp-content\/uploads\/2025\/11\/Carlos-Gonzalo-Abascal.jpg 1088w\" sizes=\"(max-width: 1024px) 100vw, 1024px\" \/><\/figure>\n\n\n\n<figure class=\"wp-block-image size-full\"><img loading=\"lazy\" decoding=\"async\" width=\"834\" height=\"726\" src=\"https:\/\/academiacienciasveterinariascyl.com\/noticias\/wp-content\/uploads\/2025\/11\/Luis-Fernando-de-la-Fuente-Crespo1.jpg\" alt=\"\" class=\"wp-image-874\" srcset=\"https:\/\/academiacienciasveterinariascyl.com\/noticias\/wp-content\/uploads\/2025\/11\/Luis-Fernando-de-la-Fuente-Crespo1.jpg 834w, https:\/\/academiacienciasveterinariascyl.com\/noticias\/wp-content\/uploads\/2025\/11\/Luis-Fernando-de-la-Fuente-Crespo1-300x261.jpg 300w, https:\/\/academiacienciasveterinariascyl.com\/noticias\/wp-content\/uploads\/2025\/11\/Luis-Fernando-de-la-Fuente-Crespo1-768x669.jpg 768w\" sizes=\"(max-width: 834px) 100vw, 834px\" \/><\/figure>\n\n\n\n<figure class=\"wp-block-image size-full is-resized\"><img loading=\"lazy\" decoding=\"async\" width=\"834\" height=\"726\" src=\"https:\/\/academiacienciasveterinariascyl.com\/noticias\/wp-content\/uploads\/2025\/11\/Benedicto-Gonzalez-Yague.jpg\" alt=\"\" class=\"wp-image-873\" style=\"width:840px;height:auto\" srcset=\"https:\/\/academiacienciasveterinariascyl.com\/noticias\/wp-content\/uploads\/2025\/11\/Benedicto-Gonzalez-Yague.jpg 834w, https:\/\/academiacienciasveterinariascyl.com\/noticias\/wp-content\/uploads\/2025\/11\/Benedicto-Gonzalez-Yague-300x261.jpg 300w, https:\/\/academiacienciasveterinariascyl.com\/noticias\/wp-content\/uploads\/2025\/11\/Benedicto-Gonzalez-Yague-768x669.jpg 768w\" sizes=\"(max-width: 834px) 100vw, 834px\" \/><\/figure>\n\n\n\n<p>17:45 a 18:25 horas <\/p>\n\n\n\n<p>EL IMPACTO AMBIENTAL (Una Sola Salud) Coordinador: Dr. D. Estanislao de Luis Calabuig. Acad\u00e9mico de la Secci\u00f3n de Medio Ambiente. Catedr\u00e1tico de Ecolog\u00eda (Universidad de Le\u00f3n). Intervienen: Dr. D. F. Javier Gir\u00e1ldez Garc\u00eda, Profesor de Investigaci\u00f3n del Instituto de Ganader\u00eda de Monta\u00f1a (CSIC-ULE) <\/p>\n\n\n\n<figure class=\"wp-block-image size-full\"><img loading=\"lazy\" decoding=\"async\" width=\"834\" height=\"726\" src=\"https:\/\/academiacienciasveterinariascyl.com\/noticias\/wp-content\/uploads\/2025\/11\/Estanislao-de-Luis-Calabuig.jpg\" alt=\"\" class=\"wp-image-875\" srcset=\"https:\/\/academiacienciasveterinariascyl.com\/noticias\/wp-content\/uploads\/2025\/11\/Estanislao-de-Luis-Calabuig.jpg 834w, https:\/\/academiacienciasveterinariascyl.com\/noticias\/wp-content\/uploads\/2025\/11\/Estanislao-de-Luis-Calabuig-300x261.jpg 300w, https:\/\/academiacienciasveterinariascyl.com\/noticias\/wp-content\/uploads\/2025\/11\/Estanislao-de-Luis-Calabuig-768x669.jpg 768w\" sizes=\"(max-width: 834px) 100vw, 834px\" \/><\/figure>\n\n\n\n<figure class=\"wp-block-image size-full\"><img loading=\"lazy\" decoding=\"async\" width=\"839\" height=\"726\" src=\"https:\/\/academiacienciasveterinariascyl.com\/noticias\/wp-content\/uploads\/2025\/11\/francisco-javier-giraldez.jpg\" alt=\"\" class=\"wp-image-876\" srcset=\"https:\/\/academiacienciasveterinariascyl.com\/noticias\/wp-content\/uploads\/2025\/11\/francisco-javier-giraldez.jpg 839w, https:\/\/academiacienciasveterinariascyl.com\/noticias\/wp-content\/uploads\/2025\/11\/francisco-javier-giraldez-300x260.jpg 300w, https:\/\/academiacienciasveterinariascyl.com\/noticias\/wp-content\/uploads\/2025\/11\/francisco-javier-giraldez-768x665.jpg 768w\" sizes=\"(max-width: 839px) 100vw, 839px\" \/><\/figure>\n\n\n\n<p>18:35 a 19:05 horas <\/p>\n\n\n\n<p>RETOS Y OPORTUNIDADES TECNOL\u00d3GICAS Coordinador: Dr. D. J. Manuel Gonzalo Orden. Acad\u00e9mico de la Secci\u00f3n Segunda. Catedr\u00e1tico de Sanidad Animal (Universidad de Le\u00f3n). Intervienen: Dr. D. Francisco Maroto Molina. Profesor de Producci\u00f3n Animal (Universidad de C\u00f3rdoba). Dra. D\u00f1a. Lidia S\u00e1nchez Gonz\u00e1lez. Profesora de Rob\u00f3tica (Universidad de Le\u00f3n). <\/p>\n\n\n\n<figure class=\"wp-block-image size-full\"><img loading=\"lazy\" decoding=\"async\" width=\"831\" height=\"726\" src=\"https:\/\/academiacienciasveterinariascyl.com\/noticias\/wp-content\/uploads\/2025\/11\/Francisco-Maroto-Molina.jpg\" alt=\"\" class=\"wp-image-877\" srcset=\"https:\/\/academiacienciasveterinariascyl.com\/noticias\/wp-content\/uploads\/2025\/11\/Francisco-Maroto-Molina.jpg 831w, https:\/\/academiacienciasveterinariascyl.com\/noticias\/wp-content\/uploads\/2025\/11\/Francisco-Maroto-Molina-300x262.jpg 300w, https:\/\/academiacienciasveterinariascyl.com\/noticias\/wp-content\/uploads\/2025\/11\/Francisco-Maroto-Molina-768x671.jpg 768w\" sizes=\"(max-width: 831px) 100vw, 831px\" \/><\/figure>\n\n\n\n<figure class=\"wp-block-image size-full\"><img loading=\"lazy\" decoding=\"async\" width=\"834\" height=\"726\" src=\"https:\/\/academiacienciasveterinariascyl.com\/noticias\/wp-content\/uploads\/2025\/11\/Lidia-Sanchez-Gonzalez.jpg\" alt=\"\" class=\"wp-image-878\" srcset=\"https:\/\/academiacienciasveterinariascyl.com\/noticias\/wp-content\/uploads\/2025\/11\/Lidia-Sanchez-Gonzalez.jpg 834w, https:\/\/academiacienciasveterinariascyl.com\/noticias\/wp-content\/uploads\/2025\/11\/Lidia-Sanchez-Gonzalez-300x261.jpg 300w, https:\/\/academiacienciasveterinariascyl.com\/noticias\/wp-content\/uploads\/2025\/11\/Lidia-Sanchez-Gonzalez-768x669.jpg 768w\" sizes=\"(max-width: 834px) 100vw, 834px\" \/><\/figure>\n\n\n\n<p>19:15 a 19:50 horas <\/p>\n\n\n\n<figure class=\"wp-block-image size-large\"><img loading=\"lazy\" decoding=\"async\" width=\"1024\" height=\"683\" src=\"https:\/\/academiacienciasveterinariascyl.com\/noticias\/wp-content\/uploads\/2025\/11\/la-ganaderia-extensiva-en-castilla-y-leon-1024x683.jpg\" alt=\"\" class=\"wp-image-879\" srcset=\"https:\/\/academiacienciasveterinariascyl.com\/noticias\/wp-content\/uploads\/2025\/11\/la-ganaderia-extensiva-en-castilla-y-leon-1024x683.jpg 1024w, https:\/\/academiacienciasveterinariascyl.com\/noticias\/wp-content\/uploads\/2025\/11\/la-ganaderia-extensiva-en-castilla-y-leon-300x200.jpg 300w, https:\/\/academiacienciasveterinariascyl.com\/noticias\/wp-content\/uploads\/2025\/11\/la-ganaderia-extensiva-en-castilla-y-leon-768x512.jpg 768w, https:\/\/academiacienciasveterinariascyl.com\/noticias\/wp-content\/uploads\/2025\/11\/la-ganaderia-extensiva-en-castilla-y-leon.jpg 1088w\" sizes=\"(max-width: 1024px) 100vw, 1024px\" \/><\/figure>\n\n\n\n<p>COLOQUIO GENERAL Coordinador: Dr. D. Vicente Gonz\u00e1lez Eguren. Acad\u00e9mico Vicesecretario de la AVETCyL. Profesor de Producciones Animales (Universidad de Le\u00f3n). Intervienen: Todos los conferenciantes de sesiones previas y se incorpora tambi\u00e9n: D. Carlos del Cubillo (DIGITANIMAL). <\/p>\n\n\n\n<p>19:50 horas <\/p>\n\n\n\n<p>CONCLUSIONES Y CLAUSURA ACADEMIA DE CIENCIAS VETERINARIAS DE CASTILLA Y LE\u00d3N<\/p>\n","protected":false},"excerpt":{"rendered":"<p>El Acto celebrado el 10 de noviembre de 2025, a las 16:45 horas en el Paraninfo Gord\u00f3n Ord\u00e1s del Edificio \u201cEl Alb\u00e9itar\u201d, de la Universidad&hellip;<\/p>\n","protected":false},"author":1,"featured_media":75,"comment_status":"open","ping_status":"open","sticky":false,"template":"","format":"standard","meta":{"footnotes":""},"categories":[1],"tags":[],"_links":{"self":[{"href":"https:\/\/academiacienciasveterinariascyl.com\/noticias\/wp-json\/wp\/v2\/posts\/871"}],"collection":[{"href":"https:\/\/academiacienciasveterinariascyl.com\/noticias\/wp-json\/wp\/v2\/posts"}],"about":[{"href":"https:\/\/academiacienciasveterinariascyl.com\/noticias\/wp-json\/wp\/v2\/types\/post"}],"author":[{"embeddable":true,"href":"https:\/\/academiacienciasveterinariascyl.com\/noticias\/wp-json\/wp\/v2\/users\/1"}],"replies":[{"embeddable":true,"href":"https:\/\/academiacienciasveterinariascyl.com\/noticias\/wp-json\/wp\/v2\/comments?post=871"}],"version-history":[{"count":1,"href":"https:\/\/academiacienciasveterinariascyl.com\/noticias\/wp-json\/wp\/v2\/posts\/871\/revisions"}],"predecessor-version":[{"id":881,"href":"https:\/\/academiacienciasveterinariascyl.com\/noticias\/wp-json\/wp\/v2\/posts\/871\/revisions\/881"}],"wp:featuredmedia":[{"embeddable":true,"href":"https:\/\/academiacienciasveterinariascyl.com\/noticias\/wp-json\/wp\/v2\/media\/75"}],"wp:attachment":[{"href":"https:\/\/academiacienciasveterinariascyl.com\/noticias\/wp-json\/wp\/v2\/media?parent=871"}],"wp:term":[{"taxonomy":"category","embeddable":true,"href":"https:\/\/academiacienciasveterinariascyl.com\/noticias\/wp-json\/wp\/v2\/categories?post=871"},{"taxonomy":"post_tag","embeddable":true,"href":"https:\/\/academiacienciasveterinariascyl.com\/noticias\/wp-json\/wp\/v2\/tags?post=871"}],"curies":[{"name":"wp","href":"https:\/\/api.w.org\/{rel}","templated":true}]}}