{"id":867,"date":"2025-09-24T16:09:22","date_gmt":"2025-09-24T16:09:22","guid":{"rendered":"https:\/\/academiacienciasveterinariascyl.com\/noticias\/?p=867"},"modified":"2025-11-25T16:19:16","modified_gmt":"2025-11-25T16:19:16","slug":"conferencia-de-doctor-carlos-sanchez-garcia-abad","status":"publish","type":"post","link":"https:\/\/academiacienciasveterinariascyl.com\/noticias\/conferencia-de-doctor-carlos-sanchez-garcia-abad\/","title":{"rendered":"Conferencia de Doctor Carlos S\u00e1nchez Garc\u00eda-Abad"},"content":{"rendered":"\n<p>Academia de Ciencias Veterinarias de Castilla y Le\u00f3n. <\/p>\n\n\n\n<figure class=\"wp-block-embed is-type-video is-provider-youtube wp-block-embed-youtube wp-embed-aspect-16-9 wp-has-aspect-ratio\"><div class=\"wp-block-embed__wrapper\">\n<iframe loading=\"lazy\" title=\"Conferencia del Dr. Carlos S\u00e1nchez Garc\u00eda-Abad &quot;Todo sobre la Cineg\u00e9tica&quot;\" width=\"770\" height=\"433\" src=\"https:\/\/www.youtube.com\/embed\/q0gurb7FccI?feature=oembed\" frameborder=\"0\" allow=\"accelerometer; autoplay; clipboard-write; encrypted-media; gyroscope; picture-in-picture; web-share\" referrerpolicy=\"strict-origin-when-cross-origin\" allowfullscreen><\/iframe>\n<\/div><\/figure>\n\n\n\n<p>Conferencia de Doctor Carlos S\u00e1nchez Garc\u00eda-Abad <strong>\u00abTodo sobre la Cineg\u00e9tica\u00bb<\/strong> y presentaci\u00f3n de su libro <strong>\u00abLa caza que nos pari\u00f3\u00bb<\/strong> <\/p>\n\n\n\n<figure class=\"wp-block-image size-large\"><img loading=\"lazy\" decoding=\"async\" width=\"1024\" height=\"683\" src=\"https:\/\/academiacienciasveterinariascyl.com\/noticias\/wp-content\/uploads\/2025\/11\/Doctor-Carlos-Sanchez-Garcia-Abad-conferencia-1024x683.jpg\" alt=\"\" class=\"wp-image-868\" srcset=\"https:\/\/academiacienciasveterinariascyl.com\/noticias\/wp-content\/uploads\/2025\/11\/Doctor-Carlos-Sanchez-Garcia-Abad-conferencia-1024x683.jpg 1024w, https:\/\/academiacienciasveterinariascyl.com\/noticias\/wp-content\/uploads\/2025\/11\/Doctor-Carlos-Sanchez-Garcia-Abad-conferencia-300x200.jpg 300w, https:\/\/academiacienciasveterinariascyl.com\/noticias\/wp-content\/uploads\/2025\/11\/Doctor-Carlos-Sanchez-Garcia-Abad-conferencia-768x512.jpg 768w, https:\/\/academiacienciasveterinariascyl.com\/noticias\/wp-content\/uploads\/2025\/11\/Doctor-Carlos-Sanchez-Garcia-Abad-conferencia.jpg 1088w\" sizes=\"(max-width: 1024px) 100vw, 1024px\" \/><\/figure>\n\n\n\n<p>24 de septiembre de 2025 Paraninfo Gord\u00f3n Ord\u00e1s &#8211; Universidad de Le\u00f3n<\/p>\n","protected":false},"excerpt":{"rendered":"<p>Academia de Ciencias Veterinarias de Castilla y Le\u00f3n. Conferencia de Doctor Carlos S\u00e1nchez Garc\u00eda-Abad \u00abTodo sobre la Cineg\u00e9tica\u00bb y presentaci\u00f3n de su libro \u00abLa caza&hellip;<\/p>\n","protected":false},"author":1,"featured_media":869,"comment_status":"open","ping_status":"open","sticky":false,"template":"","format":"standard","meta":{"footnotes":""},"categories":[1],"tags":[],"_links":{"self":[{"href":"https:\/\/academiacienciasveterinariascyl.com\/noticias\/wp-json\/wp\/v2\/posts\/867"}],"collection":[{"href":"https:\/\/academiacienciasveterinariascyl.com\/noticias\/wp-json\/wp\/v2\/posts"}],"about":[{"href":"https:\/\/academiacienciasveterinariascyl.com\/noticias\/wp-json\/wp\/v2\/types\/post"}],"author":[{"embeddable":true,"href":"https:\/\/academiacienciasveterinariascyl.com\/noticias\/wp-json\/wp\/v2\/users\/1"}],"replies":[{"embeddable":true,"href":"https:\/\/academiacienciasveterinariascyl.com\/noticias\/wp-json\/wp\/v2\/comments?post=867"}],"version-history":[{"count":1,"href":"https:\/\/academiacienciasveterinariascyl.com\/noticias\/wp-json\/wp\/v2\/posts\/867\/revisions"}],"predecessor-version":[{"id":870,"href":"https:\/\/academiacienciasveterinariascyl.com\/noticias\/wp-json\/wp\/v2\/posts\/867\/revisions\/870"}],"wp:featuredmedia":[{"embeddable":true,"href":"https:\/\/academiacienciasveterinariascyl.com\/noticias\/wp-json\/wp\/v2\/media\/869"}],"wp:attachment":[{"href":"https:\/\/academiacienciasveterinariascyl.com\/noticias\/wp-json\/wp\/v2\/media?parent=867"}],"wp:term":[{"taxonomy":"category","embeddable":true,"href":"https:\/\/academiacienciasveterinariascyl.com\/noticias\/wp-json\/wp\/v2\/categories?post=867"},{"taxonomy":"post_tag","embeddable":true,"href":"https:\/\/academiacienciasveterinariascyl.com\/noticias\/wp-json\/wp\/v2\/tags?post=867"}],"curies":[{"name":"wp","href":"https:\/\/api.w.org\/{rel}","templated":true}]}}