{"id":860,"date":"2025-06-18T06:17:04","date_gmt":"2025-06-18T06:17:04","guid":{"rendered":"https:\/\/academiacienciasveterinariascyl.com\/noticias\/?p=860"},"modified":"2025-06-26T06:27:56","modified_gmt":"2025-06-26T06:27:56","slug":"toma-de-posesion-de-academico-de-numero-del-ilmo-sr-dr-d-antonio-fernandez-medarde","status":"publish","type":"post","link":"https:\/\/academiacienciasveterinariascyl.com\/noticias\/toma-de-posesion-de-academico-de-numero-del-ilmo-sr-dr-d-antonio-fernandez-medarde\/","title":{"rendered":"Toma de Posesi\u00f3n de Acad\u00e9mico de N\u00famero del Ilmo. Sr. Dr. D. Antonio Fern\u00e1ndez Medarde"},"content":{"rendered":"\n<figure class=\"wp-block-embed is-type-video is-provider-youtube wp-block-embed-youtube wp-embed-aspect-16-9 wp-has-aspect-ratio\"><div class=\"wp-block-embed__wrapper\">\n<iframe loading=\"lazy\" title=\"Toma de Posesi\u00f3n de Acad\u00e9mico de N\u00famero del Ilmo. Sr. Dr. D. Antonio Fern\u00e1ndez Medarde\" width=\"770\" height=\"433\" src=\"https:\/\/www.youtube.com\/embed\/ij8zxFRNcZo?feature=oembed\" frameborder=\"0\" allow=\"accelerometer; autoplay; clipboard-write; encrypted-media; gyroscope; picture-in-picture; web-share\" referrerpolicy=\"strict-origin-when-cross-origin\" allowfullscreen><\/iframe>\n<\/div><\/figure>\n\n\n\n<p>Toma de Posesi\u00f3n de Acad\u00e9mico de N\u00famero del Ilmo. Sr. Dr. D. Antonio Fern\u00e1ndez Medarde, quien pronunci\u00f3 el discurso titulado: <\/p>\n\n\n\n<p><strong>BIOTECNOLOG\u00cdA AZUL: INNOVACI\u00d3N DE ORIGEN MARINO<\/strong> <\/p>\n\n\n\n<p><\/p>\n\n\n\n<figure class=\"wp-block-image size-large\"><img loading=\"lazy\" decoding=\"async\" width=\"1024\" height=\"683\" src=\"https:\/\/academiacienciasveterinariascyl.com\/noticias\/wp-content\/uploads\/2025\/06\/toma-de-posesion-Antonio-Fernandez-Medarde-1024x683.png\" alt=\"\" class=\"wp-image-861\" srcset=\"https:\/\/academiacienciasveterinariascyl.com\/noticias\/wp-content\/uploads\/2025\/06\/toma-de-posesion-Antonio-Fernandez-Medarde-1024x683.png 1024w, https:\/\/academiacienciasveterinariascyl.com\/noticias\/wp-content\/uploads\/2025\/06\/toma-de-posesion-Antonio-Fernandez-Medarde-300x200.png 300w, https:\/\/academiacienciasveterinariascyl.com\/noticias\/wp-content\/uploads\/2025\/06\/toma-de-posesion-Antonio-Fernandez-Medarde-768x512.png 768w, https:\/\/academiacienciasveterinariascyl.com\/noticias\/wp-content\/uploads\/2025\/06\/toma-de-posesion-Antonio-Fernandez-Medarde.png 1088w\" sizes=\"(max-width: 1024px) 100vw, 1024px\" \/><\/figure>\n\n\n\n<figure class=\"wp-block-image size-large\"><img loading=\"lazy\" decoding=\"async\" width=\"1024\" height=\"683\" src=\"https:\/\/academiacienciasveterinariascyl.com\/noticias\/wp-content\/uploads\/2025\/06\/diploma-Antonio-Fernandez-Medarde-1024x683.png\" alt=\"\" class=\"wp-image-863\" srcset=\"https:\/\/academiacienciasveterinariascyl.com\/noticias\/wp-content\/uploads\/2025\/06\/diploma-Antonio-Fernandez-Medarde-1024x683.png 1024w, https:\/\/academiacienciasveterinariascyl.com\/noticias\/wp-content\/uploads\/2025\/06\/diploma-Antonio-Fernandez-Medarde-300x200.png 300w, https:\/\/academiacienciasveterinariascyl.com\/noticias\/wp-content\/uploads\/2025\/06\/diploma-Antonio-Fernandez-Medarde-768x512.png 768w, https:\/\/academiacienciasveterinariascyl.com\/noticias\/wp-content\/uploads\/2025\/06\/diploma-Antonio-Fernandez-Medarde.png 1088w\" sizes=\"(max-width: 1024px) 100vw, 1024px\" \/><\/figure>\n\n\n\n<p>En nombre de la academia, la contestaci\u00f3n y laudatio corresponde al Acad\u00e9mico de N\u00famero Ilmo. Sr. Dr. D. Juan J. Garc\u00eda Vi\u00e9itez <\/p>\n\n\n\n<figure class=\"wp-block-image size-large\"><img loading=\"lazy\" decoding=\"async\" width=\"1024\" height=\"683\" src=\"https:\/\/academiacienciasveterinariascyl.com\/noticias\/wp-content\/uploads\/2025\/06\/laudatio-D.-Juan-J.-Garcia-Vieitez-1024x683.png\" alt=\"\" class=\"wp-image-862\" srcset=\"https:\/\/academiacienciasveterinariascyl.com\/noticias\/wp-content\/uploads\/2025\/06\/laudatio-D.-Juan-J.-Garcia-Vieitez-1024x683.png 1024w, https:\/\/academiacienciasveterinariascyl.com\/noticias\/wp-content\/uploads\/2025\/06\/laudatio-D.-Juan-J.-Garcia-Vieitez-300x200.png 300w, https:\/\/academiacienciasveterinariascyl.com\/noticias\/wp-content\/uploads\/2025\/06\/laudatio-D.-Juan-J.-Garcia-Vieitez-768x512.png 768w, https:\/\/academiacienciasveterinariascyl.com\/noticias\/wp-content\/uploads\/2025\/06\/laudatio-D.-Juan-J.-Garcia-Vieitez.png 1088w\" sizes=\"(max-width: 1024px) 100vw, 1024px\" \/><\/figure>\n\n\n\n<p>18 de junio de 2025 Paraninfo Gord\u00f3n Ord\u00e1s del Edificio \u00abEl Albeitar\u00bb Universidad de Le\u00f3n.<\/p>\n","protected":false},"excerpt":{"rendered":"<p>Toma de Posesi\u00f3n de Acad\u00e9mico de N\u00famero del Ilmo. Sr. Dr. D. Antonio Fern\u00e1ndez Medarde, quien pronunci\u00f3 el discurso titulado: BIOTECNOLOG\u00cdA AZUL: INNOVACI\u00d3N DE ORIGEN&hellip;<\/p>\n","protected":false},"author":1,"featured_media":864,"comment_status":"open","ping_status":"open","sticky":false,"template":"","format":"standard","meta":{"footnotes":""},"categories":[1],"tags":[],"_links":{"self":[{"href":"https:\/\/academiacienciasveterinariascyl.com\/noticias\/wp-json\/wp\/v2\/posts\/860"}],"collection":[{"href":"https:\/\/academiacienciasveterinariascyl.com\/noticias\/wp-json\/wp\/v2\/posts"}],"about":[{"href":"https:\/\/academiacienciasveterinariascyl.com\/noticias\/wp-json\/wp\/v2\/types\/post"}],"author":[{"embeddable":true,"href":"https:\/\/academiacienciasveterinariascyl.com\/noticias\/wp-json\/wp\/v2\/users\/1"}],"replies":[{"embeddable":true,"href":"https:\/\/academiacienciasveterinariascyl.com\/noticias\/wp-json\/wp\/v2\/comments?post=860"}],"version-history":[{"count":1,"href":"https:\/\/academiacienciasveterinariascyl.com\/noticias\/wp-json\/wp\/v2\/posts\/860\/revisions"}],"predecessor-version":[{"id":865,"href":"https:\/\/academiacienciasveterinariascyl.com\/noticias\/wp-json\/wp\/v2\/posts\/860\/revisions\/865"}],"wp:featuredmedia":[{"embeddable":true,"href":"https:\/\/academiacienciasveterinariascyl.com\/noticias\/wp-json\/wp\/v2\/media\/864"}],"wp:attachment":[{"href":"https:\/\/academiacienciasveterinariascyl.com\/noticias\/wp-json\/wp\/v2\/media?parent=860"}],"wp:term":[{"taxonomy":"category","embeddable":true,"href":"https:\/\/academiacienciasveterinariascyl.com\/noticias\/wp-json\/wp\/v2\/categories?post=860"},{"taxonomy":"post_tag","embeddable":true,"href":"https:\/\/academiacienciasveterinariascyl.com\/noticias\/wp-json\/wp\/v2\/tags?post=860"}],"curies":[{"name":"wp","href":"https:\/\/api.w.org\/{rel}","templated":true}]}}