{"id":855,"date":"2025-02-19T07:49:40","date_gmt":"2025-02-19T07:49:40","guid":{"rendered":"https:\/\/academiacienciasveterinariascyl.com\/noticias\/?p=855"},"modified":"2025-04-16T07:59:47","modified_gmt":"2025-04-16T07:59:47","slug":"acto-solemne-de-apertura-curso-2025-de-la-academia-ciencias-veterinarias-de-castilla-y-leon","status":"publish","type":"post","link":"https:\/\/academiacienciasveterinariascyl.com\/noticias\/acto-solemne-de-apertura-curso-2025-de-la-academia-ciencias-veterinarias-de-castilla-y-leon\/","title":{"rendered":"Acto Solemne de Apertura Curso 2025 de la Academia Ciencias Veterinarias de Castilla y Le\u00f3n"},"content":{"rendered":"\n<figure class=\"wp-block-embed is-type-video is-provider-youtube wp-block-embed-youtube wp-embed-aspect-16-9 wp-has-aspect-ratio\"><div class=\"wp-block-embed__wrapper\">\n<iframe loading=\"lazy\" title=\"Apertura Curso 2025 de la Academia Ciencias Veterinarias de Castilla y Le\u00f3n\" width=\"770\" height=\"433\" src=\"https:\/\/www.youtube.com\/embed\/Ka1x4mtjcMo?feature=oembed\" frameborder=\"0\" allow=\"accelerometer; autoplay; clipboard-write; encrypted-media; gyroscope; picture-in-picture; web-share\" referrerpolicy=\"strict-origin-when-cross-origin\" allowfullscreen><\/iframe>\n<\/div><\/figure>\n\n\n\n<p>1. Toma de posesi\u00f3n del Presidente Electo. Intervenciones <\/p>\n\n\n\n<figure class=\"wp-block-image size-large\"><img loading=\"lazy\" decoding=\"async\" width=\"1024\" height=\"683\" src=\"https:\/\/academiacienciasveterinariascyl.com\/noticias\/wp-content\/uploads\/2025\/04\/2025-1024x683.jpg\" alt=\"\" class=\"wp-image-857\" srcset=\"https:\/\/academiacienciasveterinariascyl.com\/noticias\/wp-content\/uploads\/2025\/04\/2025-1024x683.jpg 1024w, https:\/\/academiacienciasveterinariascyl.com\/noticias\/wp-content\/uploads\/2025\/04\/2025-300x200.jpg 300w, https:\/\/academiacienciasveterinariascyl.com\/noticias\/wp-content\/uploads\/2025\/04\/2025-768x512.jpg 768w, https:\/\/academiacienciasveterinariascyl.com\/noticias\/wp-content\/uploads\/2025\/04\/2025.jpg 1088w\" sizes=\"(max-width: 1024px) 100vw, 1024px\" \/><\/figure>\n\n\n\n<p>2. Lectura de la Memoria del curso 2024 por el Excmo. Sr. Secretario <\/p>\n\n\n\n<p>3. Entrega de los Premios de la Academia patrocinados por el Consejo de Colegios de la Profesi\u00f3n Veterinaria de Castilla y Le\u00f3n y del Colegio Oficial de la Profesi\u00f3n Veterinaria de Le\u00f3n <\/p>\n\n\n\n<figure class=\"wp-block-image size-large\"><img loading=\"lazy\" decoding=\"async\" width=\"1024\" height=\"683\" src=\"https:\/\/academiacienciasveterinariascyl.com\/noticias\/wp-content\/uploads\/2025\/04\/2025-premio-1024x683.jpg\" alt=\"\" class=\"wp-image-856\" srcset=\"https:\/\/academiacienciasveterinariascyl.com\/noticias\/wp-content\/uploads\/2025\/04\/2025-premio-1024x683.jpg 1024w, https:\/\/academiacienciasveterinariascyl.com\/noticias\/wp-content\/uploads\/2025\/04\/2025-premio-300x200.jpg 300w, https:\/\/academiacienciasveterinariascyl.com\/noticias\/wp-content\/uploads\/2025\/04\/2025-premio-768x512.jpg 768w, https:\/\/academiacienciasveterinariascyl.com\/noticias\/wp-content\/uploads\/2025\/04\/2025-premio.jpg 1088w\" sizes=\"(max-width: 1024px) 100vw, 1024px\" \/><\/figure>\n\n\n\n<p>4. Lectura del discurso de apertura a cargo de la Acad\u00e9mica de N\u00famero, Ilma Sra. Dra. D\u00f1a. Rosa Mar\u00eda Capita Gonz\u00e1lez, sobre: \u201cNutrici\u00f3n y micro biota. Lo esencial es invisible a los ojos\u201d <\/p>\n\n\n\n<p>5. Clausura del acto <\/p>\n\n\n\n<p>El Acto se celebrado el d\u00eda 19 de febrero de 2025, en el Paraninfo de la Facultad de Veterinaria de la Universidad de Le\u00f3n.<\/p>\n","protected":false},"excerpt":{"rendered":"<p>1. Toma de posesi\u00f3n del Presidente Electo. Intervenciones 2. Lectura de la Memoria del curso 2024 por el Excmo. Sr. Secretario 3. Entrega de los&hellip;<\/p>\n","protected":false},"author":1,"featured_media":75,"comment_status":"open","ping_status":"open","sticky":false,"template":"","format":"standard","meta":{"footnotes":""},"categories":[1],"tags":[],"_links":{"self":[{"href":"https:\/\/academiacienciasveterinariascyl.com\/noticias\/wp-json\/wp\/v2\/posts\/855"}],"collection":[{"href":"https:\/\/academiacienciasveterinariascyl.com\/noticias\/wp-json\/wp\/v2\/posts"}],"about":[{"href":"https:\/\/academiacienciasveterinariascyl.com\/noticias\/wp-json\/wp\/v2\/types\/post"}],"author":[{"embeddable":true,"href":"https:\/\/academiacienciasveterinariascyl.com\/noticias\/wp-json\/wp\/v2\/users\/1"}],"replies":[{"embeddable":true,"href":"https:\/\/academiacienciasveterinariascyl.com\/noticias\/wp-json\/wp\/v2\/comments?post=855"}],"version-history":[{"count":1,"href":"https:\/\/academiacienciasveterinariascyl.com\/noticias\/wp-json\/wp\/v2\/posts\/855\/revisions"}],"predecessor-version":[{"id":858,"href":"https:\/\/academiacienciasveterinariascyl.com\/noticias\/wp-json\/wp\/v2\/posts\/855\/revisions\/858"}],"wp:featuredmedia":[{"embeddable":true,"href":"https:\/\/academiacienciasveterinariascyl.com\/noticias\/wp-json\/wp\/v2\/media\/75"}],"wp:attachment":[{"href":"https:\/\/academiacienciasveterinariascyl.com\/noticias\/wp-json\/wp\/v2\/media?parent=855"}],"wp:term":[{"taxonomy":"category","embeddable":true,"href":"https:\/\/academiacienciasveterinariascyl.com\/noticias\/wp-json\/wp\/v2\/categories?post=855"},{"taxonomy":"post_tag","embeddable":true,"href":"https:\/\/academiacienciasveterinariascyl.com\/noticias\/wp-json\/wp\/v2\/tags?post=855"}],"curies":[{"name":"wp","href":"https:\/\/api.w.org\/{rel}","templated":true}]}}