{"id":841,"date":"2025-03-26T17:38:55","date_gmt":"2025-03-26T17:38:55","guid":{"rendered":"https:\/\/academiacienciasveterinariascyl.com\/noticias\/?p=841"},"modified":"2025-04-15T17:47:52","modified_gmt":"2025-04-15T17:47:52","slug":"sesion-necrologica-in-memoriam-por-el-prof-d-guillermo-suarez-fernandez","status":"publish","type":"post","link":"https:\/\/academiacienciasveterinariascyl.com\/noticias\/sesion-necrologica-in-memoriam-por-el-prof-d-guillermo-suarez-fernandez\/","title":{"rendered":"SESI\u00d3N NECROL\u00d3GICA IN MEMORIAM Por el Prof. D. GUILLERMO SU\u00c1REZ FERN\u00c1NDEZ"},"content":{"rendered":"\n<figure class=\"wp-block-embed is-type-video is-provider-youtube wp-block-embed-youtube wp-embed-aspect-16-9 wp-has-aspect-ratio\"><div class=\"wp-block-embed__wrapper\">\n<iframe loading=\"lazy\" title=\"SESI\u00d3N NECROL\u00d3GICA IN MEMORIAM. Por el Prof. D. GUILLERMO SU\u00c1REZ FERNANDEZ.\" width=\"770\" height=\"433\" src=\"https:\/\/www.youtube.com\/embed\/an75bX3Nrn4?feature=oembed\" frameborder=\"0\" allow=\"accelerometer; autoplay; clipboard-write; encrypted-media; gyroscope; picture-in-picture; web-share\" referrerpolicy=\"strict-origin-when-cross-origin\" allowfullscreen><\/iframe>\n<\/div><\/figure>\n\n\n\n<p><\/p>\n\n\n\n<p>Intervendr\u00e1n: Prof. D. El\u00edas F. Rodr\u00edguez Ferri. Catedr\u00e1tico Em\u00e9rito de la Universidad de Le\u00f3n. Acad\u00e9mico de N\u00famero de AVETCyL. <\/p>\n\n\n\n<p>Prof. D. Francisco A. Rojo V\u00e1zquez, Catedr\u00e1tico Em\u00e9rito de la Universidad de Le\u00f3n. Acad\u00e9mico de N\u00famero de AVETCyL. Secretario de la Instituci\u00f3n. <\/p>\n\n\n\n<p>Do\u00f1a M\u00f3nica Su\u00e1rez Rodr\u00edguez. Profesora de Sanidad animal. Universidad Complutense. <\/p>\n\n\n\n<p>En representaci\u00f3n de la familia. Prof. D. Vicente Gaudioso Lacasa. Catedr\u00e1tico Em\u00e9rito de la Universidad de Le\u00f3n.<\/p>\n\n\n\n<p>Acad\u00e9mico de N\u00famero. Presidente de la Instituci\u00f3n. 26 de Marzo de 2025 ACVCyL, Paseo de la Facultad de Veterinaria, 25. Edificio \u2018El Albeitar\u2019 de la Universidad de Le\u00f3n.<\/p>\n","protected":false},"excerpt":{"rendered":"<p>Intervendr\u00e1n: Prof. D. El\u00edas F. Rodr\u00edguez Ferri. Catedr\u00e1tico Em\u00e9rito de la Universidad de Le\u00f3n. Acad\u00e9mico de N\u00famero de AVETCyL. Prof. D. Francisco A. Rojo V\u00e1zquez,&hellip;<\/p>\n","protected":false},"author":1,"featured_media":842,"comment_status":"open","ping_status":"open","sticky":false,"template":"","format":"standard","meta":{"footnotes":""},"categories":[1],"tags":[],"_links":{"self":[{"href":"https:\/\/academiacienciasveterinariascyl.com\/noticias\/wp-json\/wp\/v2\/posts\/841"}],"collection":[{"href":"https:\/\/academiacienciasveterinariascyl.com\/noticias\/wp-json\/wp\/v2\/posts"}],"about":[{"href":"https:\/\/academiacienciasveterinariascyl.com\/noticias\/wp-json\/wp\/v2\/types\/post"}],"author":[{"embeddable":true,"href":"https:\/\/academiacienciasveterinariascyl.com\/noticias\/wp-json\/wp\/v2\/users\/1"}],"replies":[{"embeddable":true,"href":"https:\/\/academiacienciasveterinariascyl.com\/noticias\/wp-json\/wp\/v2\/comments?post=841"}],"version-history":[{"count":1,"href":"https:\/\/academiacienciasveterinariascyl.com\/noticias\/wp-json\/wp\/v2\/posts\/841\/revisions"}],"predecessor-version":[{"id":843,"href":"https:\/\/academiacienciasveterinariascyl.com\/noticias\/wp-json\/wp\/v2\/posts\/841\/revisions\/843"}],"wp:featuredmedia":[{"embeddable":true,"href":"https:\/\/academiacienciasveterinariascyl.com\/noticias\/wp-json\/wp\/v2\/media\/842"}],"wp:attachment":[{"href":"https:\/\/academiacienciasveterinariascyl.com\/noticias\/wp-json\/wp\/v2\/media?parent=841"}],"wp:term":[{"taxonomy":"category","embeddable":true,"href":"https:\/\/academiacienciasveterinariascyl.com\/noticias\/wp-json\/wp\/v2\/categories?post=841"},{"taxonomy":"post_tag","embeddable":true,"href":"https:\/\/academiacienciasveterinariascyl.com\/noticias\/wp-json\/wp\/v2\/tags?post=841"}],"curies":[{"name":"wp","href":"https:\/\/api.w.org\/{rel}","templated":true}]}}