{"id":813,"date":"2024-10-23T17:45:00","date_gmt":"2024-10-23T17:45:00","guid":{"rendered":"https:\/\/academiacienciasveterinariascyl.com\/noticias\/?p=813"},"modified":"2024-11-13T17:59:20","modified_gmt":"2024-11-13T17:59:20","slug":"acto-solemne-de-toma-de-posesion-del-academico-de-numero-ilmo-sr-dr-d-carlos-gonzalo-abascal","status":"publish","type":"post","link":"https:\/\/academiacienciasveterinariascyl.com\/noticias\/acto-solemne-de-toma-de-posesion-del-academico-de-numero-ilmo-sr-dr-d-carlos-gonzalo-abascal\/","title":{"rendered":"Acto Solemne de Toma de Posesi\u00f3n del Acad\u00e9mico de N\u00famero: Ilmo Sr. Dr. D. CARLOS GONZALO ABASCAL"},"content":{"rendered":"\n<figure class=\"wp-block-embed is-type-video is-provider-youtube wp-block-embed-youtube wp-embed-aspect-16-9 wp-has-aspect-ratio\"><div class=\"wp-block-embed__wrapper\">\n<iframe loading=\"lazy\" title=\"Acto Solemne de Toma de Posesi\u00f3n del Acad\u00e9mico de N\u00famero: Ilmo Sr. Dr. D. CARLOS GONZALO ABASCAL\" width=\"770\" height=\"433\" src=\"https:\/\/www.youtube.com\/embed\/X4fmu_wN8uk?feature=oembed\" frameborder=\"0\" allow=\"accelerometer; autoplay; clipboard-write; encrypted-media; gyroscope; picture-in-picture; web-share\" referrerpolicy=\"strict-origin-when-cross-origin\" allowfullscreen><\/iframe>\n<\/div><\/figure>\n\n\n\n<p><\/p>\n\n\n\n<p>Quien pronunci\u00f3 el discurso titulado: \u00abEvoluci\u00f3n, Domesticaci\u00f3n y Diferenciaci\u00f3n Racial del Caballo en la Pen\u00ednsula Ib\u00e9rica\u00bb <\/p>\n\n\n\n<figure class=\"wp-block-image size-large\"><img loading=\"lazy\" decoding=\"async\" width=\"1024\" height=\"683\" src=\"https:\/\/academiacienciasveterinariascyl.com\/noticias\/wp-content\/uploads\/2024\/11\/acto-toma-de-posesion-1024x683.jpg\" alt=\"\" class=\"wp-image-816\" srcset=\"https:\/\/academiacienciasveterinariascyl.com\/noticias\/wp-content\/uploads\/2024\/11\/acto-toma-de-posesion-1024x683.jpg 1024w, https:\/\/academiacienciasveterinariascyl.com\/noticias\/wp-content\/uploads\/2024\/11\/acto-toma-de-posesion-300x200.jpg 300w, https:\/\/academiacienciasveterinariascyl.com\/noticias\/wp-content\/uploads\/2024\/11\/acto-toma-de-posesion-768x512.jpg 768w, https:\/\/academiacienciasveterinariascyl.com\/noticias\/wp-content\/uploads\/2024\/11\/acto-toma-de-posesion.jpg 1088w\" sizes=\"(max-width: 1024px) 100vw, 1024px\" \/><\/figure>\n\n\n\n<p><\/p>\n\n\n\n<p>En nombre de la Academia, la contestaci\u00f3n y laudatio corresponden al Acad\u00e9mico de N\u00famero, Ilmo Sr. Dr. D. Vicente Gonz\u00e1lez Eguren <\/p>\n\n\n\n<figure class=\"wp-block-image size-large\"><img loading=\"lazy\" decoding=\"async\" width=\"1024\" height=\"683\" src=\"https:\/\/academiacienciasveterinariascyl.com\/noticias\/wp-content\/uploads\/2024\/11\/vicente-eguren-1024x683.jpg\" alt=\"\" class=\"wp-image-815\" srcset=\"https:\/\/academiacienciasveterinariascyl.com\/noticias\/wp-content\/uploads\/2024\/11\/vicente-eguren-1024x683.jpg 1024w, https:\/\/academiacienciasveterinariascyl.com\/noticias\/wp-content\/uploads\/2024\/11\/vicente-eguren-300x200.jpg 300w, https:\/\/academiacienciasveterinariascyl.com\/noticias\/wp-content\/uploads\/2024\/11\/vicente-eguren-768x512.jpg 768w, https:\/\/academiacienciasveterinariascyl.com\/noticias\/wp-content\/uploads\/2024\/11\/vicente-eguren.jpg 1088w\" sizes=\"(max-width: 1024px) 100vw, 1024px\" \/><\/figure>\n\n\n\n<p>23 de Octubre de 2024 Paraninfo Gord\u00f3n Ord\u00e1s del Edificio \u201cEl Albeitar\u201d del Pabell\u00f3n de Gobierno de la Universidad de Le\u00f3n<\/p>\n\n\n\n<figure class=\"wp-block-image size-large\"><img loading=\"lazy\" decoding=\"async\" width=\"1024\" height=\"683\" src=\"https:\/\/academiacienciasveterinariascyl.com\/noticias\/wp-content\/uploads\/2024\/11\/academia-1024x683.jpg\" alt=\"\" class=\"wp-image-814\" srcset=\"https:\/\/academiacienciasveterinariascyl.com\/noticias\/wp-content\/uploads\/2024\/11\/academia-1024x683.jpg 1024w, https:\/\/academiacienciasveterinariascyl.com\/noticias\/wp-content\/uploads\/2024\/11\/academia-300x200.jpg 300w, https:\/\/academiacienciasveterinariascyl.com\/noticias\/wp-content\/uploads\/2024\/11\/academia-768x512.jpg 768w, https:\/\/academiacienciasveterinariascyl.com\/noticias\/wp-content\/uploads\/2024\/11\/academia.jpg 1088w\" sizes=\"(max-width: 1024px) 100vw, 1024px\" \/><\/figure>\n","protected":false},"excerpt":{"rendered":"<p>Quien pronunci\u00f3 el discurso titulado: \u00abEvoluci\u00f3n, Domesticaci\u00f3n y Diferenciaci\u00f3n Racial del Caballo en la Pen\u00ednsula Ib\u00e9rica\u00bb En nombre de la Academia, la contestaci\u00f3n y laudatio&hellip;<\/p>\n","protected":false},"author":1,"featured_media":817,"comment_status":"open","ping_status":"open","sticky":false,"template":"","format":"standard","meta":{"footnotes":""},"categories":[1],"tags":[],"_links":{"self":[{"href":"https:\/\/academiacienciasveterinariascyl.com\/noticias\/wp-json\/wp\/v2\/posts\/813"}],"collection":[{"href":"https:\/\/academiacienciasveterinariascyl.com\/noticias\/wp-json\/wp\/v2\/posts"}],"about":[{"href":"https:\/\/academiacienciasveterinariascyl.com\/noticias\/wp-json\/wp\/v2\/types\/post"}],"author":[{"embeddable":true,"href":"https:\/\/academiacienciasveterinariascyl.com\/noticias\/wp-json\/wp\/v2\/users\/1"}],"replies":[{"embeddable":true,"href":"https:\/\/academiacienciasveterinariascyl.com\/noticias\/wp-json\/wp\/v2\/comments?post=813"}],"version-history":[{"count":1,"href":"https:\/\/academiacienciasveterinariascyl.com\/noticias\/wp-json\/wp\/v2\/posts\/813\/revisions"}],"predecessor-version":[{"id":818,"href":"https:\/\/academiacienciasveterinariascyl.com\/noticias\/wp-json\/wp\/v2\/posts\/813\/revisions\/818"}],"wp:featuredmedia":[{"embeddable":true,"href":"https:\/\/academiacienciasveterinariascyl.com\/noticias\/wp-json\/wp\/v2\/media\/817"}],"wp:attachment":[{"href":"https:\/\/academiacienciasveterinariascyl.com\/noticias\/wp-json\/wp\/v2\/media?parent=813"}],"wp:term":[{"taxonomy":"category","embeddable":true,"href":"https:\/\/academiacienciasveterinariascyl.com\/noticias\/wp-json\/wp\/v2\/categories?post=813"},{"taxonomy":"post_tag","embeddable":true,"href":"https:\/\/academiacienciasveterinariascyl.com\/noticias\/wp-json\/wp\/v2\/tags?post=813"}],"curies":[{"name":"wp","href":"https:\/\/api.w.org\/{rel}","templated":true}]}}