{"id":808,"date":"2024-10-16T09:56:39","date_gmt":"2024-10-16T09:56:39","guid":{"rendered":"https:\/\/academiacienciasveterinariascyl.com\/noticias\/?p=808"},"modified":"2024-11-05T10:00:24","modified_gmt":"2024-11-05T10:00:24","slug":"presentacion-del-libro-merinas-y-la-industria-de-la-lana-del-dr-d-manuel-rodriguez-pascual-academico-de-numero-avetcyl","status":"publish","type":"post","link":"https:\/\/academiacienciasveterinariascyl.com\/noticias\/presentacion-del-libro-merinas-y-la-industria-de-la-lana-del-dr-d-manuel-rodriguez-pascual-academico-de-numero-avetcyl\/","title":{"rendered":"PRESENTACI\u00d3N DEL LIBRO \u00abMerinas y la industria de la lana\u00bb del Dr. D. Manuel Rodr\u00edguez Pascual Acad\u00e9mico de N\u00famero AVETCyL"},"content":{"rendered":"\n<figure class=\"wp-block-embed is-type-video is-provider-youtube wp-block-embed-youtube wp-embed-aspect-16-9 wp-has-aspect-ratio\"><div class=\"wp-block-embed__wrapper\">\n<iframe loading=\"lazy\" title=\"&quot;Merinas y la industria de la lana&quot; del Dr. D. Manuel Rodr\u00edguez Pascual Acad\u00e9mico de N\u00famero AVETCyL\" width=\"770\" height=\"433\" src=\"https:\/\/www.youtube.com\/embed\/K9pQOMUy0eY?feature=oembed\" frameborder=\"0\" allow=\"accelerometer; autoplay; clipboard-write; encrypted-media; gyroscope; picture-in-picture; web-share\" referrerpolicy=\"strict-origin-when-cross-origin\" allowfullscreen><\/iframe>\n<\/div><\/figure>\n\n\n\n<p> Intervinieron: Dr. D. El\u00edas F. Rodr\u00edguez Ferri. Acad\u00e9mico de N\u00famero y Presidente de AVETCyL D. Joaqu\u00edn Alegre Alonso. Editor. Editorial Rimpego Dr. D. Vicente Gaudioso Lacasa. Acad\u00e9mico de N\u00famero AVETCyL Dr. D. Manuel Rodr\u00edguez Pascual. Acad\u00e9mico de N\u00famero AVETCyL y autor del libro <\/p>\n\n\n\n<p><\/p>\n\n\n\n<p>16 de octubre de 2024 Paraninfo Gord\u00f3n Ord\u00e1s del Edificio \u2018El Albeitar\u2019, de la Universidad de Le\u00f3n<\/p>\n","protected":false},"excerpt":{"rendered":"<p>Intervinieron: Dr. D. El\u00edas F. Rodr\u00edguez Ferri. Acad\u00e9mico de N\u00famero y Presidente de AVETCyL D. Joaqu\u00edn Alegre Alonso. Editor. Editorial Rimpego Dr. D. Vicente Gaudioso&hellip;<\/p>\n","protected":false},"author":1,"featured_media":809,"comment_status":"open","ping_status":"open","sticky":false,"template":"","format":"standard","meta":{"footnotes":""},"categories":[1],"tags":[],"_links":{"self":[{"href":"https:\/\/academiacienciasveterinariascyl.com\/noticias\/wp-json\/wp\/v2\/posts\/808"}],"collection":[{"href":"https:\/\/academiacienciasveterinariascyl.com\/noticias\/wp-json\/wp\/v2\/posts"}],"about":[{"href":"https:\/\/academiacienciasveterinariascyl.com\/noticias\/wp-json\/wp\/v2\/types\/post"}],"author":[{"embeddable":true,"href":"https:\/\/academiacienciasveterinariascyl.com\/noticias\/wp-json\/wp\/v2\/users\/1"}],"replies":[{"embeddable":true,"href":"https:\/\/academiacienciasveterinariascyl.com\/noticias\/wp-json\/wp\/v2\/comments?post=808"}],"version-history":[{"count":1,"href":"https:\/\/academiacienciasveterinariascyl.com\/noticias\/wp-json\/wp\/v2\/posts\/808\/revisions"}],"predecessor-version":[{"id":810,"href":"https:\/\/academiacienciasveterinariascyl.com\/noticias\/wp-json\/wp\/v2\/posts\/808\/revisions\/810"}],"wp:featuredmedia":[{"embeddable":true,"href":"https:\/\/academiacienciasveterinariascyl.com\/noticias\/wp-json\/wp\/v2\/media\/809"}],"wp:attachment":[{"href":"https:\/\/academiacienciasveterinariascyl.com\/noticias\/wp-json\/wp\/v2\/media?parent=808"}],"wp:term":[{"taxonomy":"category","embeddable":true,"href":"https:\/\/academiacienciasveterinariascyl.com\/noticias\/wp-json\/wp\/v2\/categories?post=808"},{"taxonomy":"post_tag","embeddable":true,"href":"https:\/\/academiacienciasveterinariascyl.com\/noticias\/wp-json\/wp\/v2\/tags?post=808"}],"curies":[{"name":"wp","href":"https:\/\/api.w.org\/{rel}","templated":true}]}}