{"id":797,"date":"2024-09-27T09:14:03","date_gmt":"2024-09-27T09:14:03","guid":{"rendered":"https:\/\/academiacienciasveterinariascyl.com\/noticias\/?p=797"},"modified":"2024-11-05T09:47:24","modified_gmt":"2024-11-05T09:47:24","slug":"xi-jornada-de-las-academias-sanitarias-de-castilla-y-leon-alergias-y-enfermedades-autoinmunes","status":"publish","type":"post","link":"https:\/\/academiacienciasveterinariascyl.com\/noticias\/xi-jornada-de-las-academias-sanitarias-de-castilla-y-leon-alergias-y-enfermedades-autoinmunes\/","title":{"rendered":"XI JORNADA DE LAS ACADEMIAS SANITARIAS DE CASTILLA Y LE\u00d3N &#8211; ALERGIAS Y ENFERMEDADES AUTOINMUNES"},"content":{"rendered":"\n<figure class=\"wp-block-embed is-type-video is-provider-youtube wp-block-embed-youtube wp-embed-aspect-16-9 wp-has-aspect-ratio\"><div class=\"wp-block-embed__wrapper\">\n<iframe loading=\"lazy\" title=\"XI JORNADA DE LAS ACADEMIAS SANITARIAS DE CASTILLA Y LE\u00d3N - ALERGIAS Y ENFERMEDADES AUTOINMUNES\" width=\"770\" height=\"433\" src=\"https:\/\/www.youtube.com\/embed\/IYnavFz0K_s?feature=oembed\" frameborder=\"0\" allow=\"accelerometer; autoplay; clipboard-write; encrypted-media; gyroscope; picture-in-picture; web-share\" referrerpolicy=\"strict-origin-when-cross-origin\" allowfullscreen><\/iframe>\n<\/div><\/figure>\n\n\n\n<p>INAUGURACI\u00d3N Consejera de Sanidad de la Junta de Castilla y Le\u00f3n, Presidentes de las Academias Sanitarias de Castilla y Le\u00f3n <\/p>\n\n\n\n<figure class=\"wp-block-image size-large\"><img loading=\"lazy\" decoding=\"async\" width=\"1024\" height=\"390\" src=\"https:\/\/academiacienciasveterinariascyl.com\/noticias\/wp-content\/uploads\/2024\/11\/11-jornada-sanitaria-1024x390.jpeg\" alt=\"\" class=\"wp-image-799\" srcset=\"https:\/\/academiacienciasveterinariascyl.com\/noticias\/wp-content\/uploads\/2024\/11\/11-jornada-sanitaria-1024x390.jpeg 1024w, https:\/\/academiacienciasveterinariascyl.com\/noticias\/wp-content\/uploads\/2024\/11\/11-jornada-sanitaria-300x114.jpeg 300w, https:\/\/academiacienciasveterinariascyl.com\/noticias\/wp-content\/uploads\/2024\/11\/11-jornada-sanitaria-768x292.jpeg 768w, https:\/\/academiacienciasveterinariascyl.com\/noticias\/wp-content\/uploads\/2024\/11\/11-jornada-sanitaria-1536x585.jpeg 1536w, https:\/\/academiacienciasveterinariascyl.com\/noticias\/wp-content\/uploads\/2024\/11\/11-jornada-sanitaria.jpeg 1657w\" sizes=\"(max-width: 1024px) 100vw, 1024px\" \/><\/figure>\n\n\n\n<p> \u00bfEs la alergia un proceso autoinmune? Dra. D\u00f1a. ALICIA ARMENTIA MEDINA Catedr\u00e1tica de la Facultad de Medicina de Valladolid (UVA). Acad\u00e9mica de la Real Academia de Medicina y Cirug\u00eda de Valladolid <\/p>\n\n\n\n<figure class=\"wp-block-image size-large\"><img loading=\"lazy\" decoding=\"async\" width=\"1024\" height=\"483\" src=\"https:\/\/academiacienciasveterinariascyl.com\/noticias\/wp-content\/uploads\/2024\/11\/alicia-armentia-1024x483.jpeg\" alt=\"\" class=\"wp-image-800\" srcset=\"https:\/\/academiacienciasveterinariascyl.com\/noticias\/wp-content\/uploads\/2024\/11\/alicia-armentia-1024x483.jpeg 1024w, https:\/\/academiacienciasveterinariascyl.com\/noticias\/wp-content\/uploads\/2024\/11\/alicia-armentia-300x142.jpeg 300w, https:\/\/academiacienciasveterinariascyl.com\/noticias\/wp-content\/uploads\/2024\/11\/alicia-armentia-768x362.jpeg 768w, https:\/\/academiacienciasveterinariascyl.com\/noticias\/wp-content\/uploads\/2024\/11\/alicia-armentia-1536x725.jpeg 1536w, https:\/\/academiacienciasveterinariascyl.com\/noticias\/wp-content\/uploads\/2024\/11\/alicia-armentia.jpeg 2048w\" sizes=\"(max-width: 1024px) 100vw, 1024px\" \/><\/figure>\n\n\n\n<p> Los estudios transcript\u00f3micos en el asma: en el camino hacia a la Alergolog\u00eda de Precisi\u00f3n Dr. D. IGNACIO JES\u00daS D\u00c1VILA GONZ\u00c1LEZ Catedr\u00e1tico Facultad de Medicina de Salamanca (USAL). Acad\u00e9mico de la Real Academia de Medicina de Salamanca.<\/p>\n\n\n\n<figure class=\"wp-block-image size-large\"><img loading=\"lazy\" decoding=\"async\" width=\"1024\" height=\"478\" src=\"https:\/\/academiacienciasveterinariascyl.com\/noticias\/wp-content\/uploads\/2024\/11\/ignacio-davila-1024x478.jpeg\" alt=\"\" class=\"wp-image-801\" srcset=\"https:\/\/academiacienciasveterinariascyl.com\/noticias\/wp-content\/uploads\/2024\/11\/ignacio-davila-1024x478.jpeg 1024w, https:\/\/academiacienciasveterinariascyl.com\/noticias\/wp-content\/uploads\/2024\/11\/ignacio-davila-300x140.jpeg 300w, https:\/\/academiacienciasveterinariascyl.com\/noticias\/wp-content\/uploads\/2024\/11\/ignacio-davila-768x359.jpeg 768w, https:\/\/academiacienciasveterinariascyl.com\/noticias\/wp-content\/uploads\/2024\/11\/ignacio-davila-1536x717.jpeg 1536w, https:\/\/academiacienciasveterinariascyl.com\/noticias\/wp-content\/uploads\/2024\/11\/ignacio-davila.jpeg 2000w\" sizes=\"(max-width: 1024px) 100vw, 1024px\" \/><\/figure>\n\n\n\n<p> <\/p>\n\n\n\n<p>Monitorizaci\u00f3n farmacocin\u00e9tica en la enfermedad inflamatoria intestinal Dr. D. JOS\u00c9 GERM\u00c1N S\u00c1NCHEZ HERN\u00c1NDEZ Servicio de Farmacia. Complejo Hospitalario Universitario de Salamanca. Acad\u00e9mico de la Academia de Farmacia de Castilla y Le\u00f3n.<\/p>\n\n\n\n<p> <\/p>\n\n\n\n<figure class=\"wp-block-image size-large\"><img loading=\"lazy\" decoding=\"async\" width=\"1024\" height=\"455\" src=\"https:\/\/academiacienciasveterinariascyl.com\/noticias\/wp-content\/uploads\/2024\/11\/jose-german-sanchez-1024x455.jpeg\" alt=\"\" class=\"wp-image-802\" srcset=\"https:\/\/academiacienciasveterinariascyl.com\/noticias\/wp-content\/uploads\/2024\/11\/jose-german-sanchez-1024x455.jpeg 1024w, https:\/\/academiacienciasveterinariascyl.com\/noticias\/wp-content\/uploads\/2024\/11\/jose-german-sanchez-300x133.jpeg 300w, https:\/\/academiacienciasveterinariascyl.com\/noticias\/wp-content\/uploads\/2024\/11\/jose-german-sanchez-768x341.jpeg 768w, https:\/\/academiacienciasveterinariascyl.com\/noticias\/wp-content\/uploads\/2024\/11\/jose-german-sanchez-1536x682.jpeg 1536w, https:\/\/academiacienciasveterinariascyl.com\/noticias\/wp-content\/uploads\/2024\/11\/jose-german-sanchez.jpeg 2048w\" sizes=\"(max-width: 1024px) 100vw, 1024px\" \/><\/figure>\n\n\n\n<p> Dermatitis at\u00f3pica canina: un modelo para la dermatitis at\u00f3pica humana Dr. D. LUIS FERRER CAUBET Catedr\u00e1tico Facultad de Veterinaria de Barcelona (UAB). Acad\u00e9mico de la Academia de Ciencias Veterinarias de Catalu\u00f1a. <\/p>\n\n\n\n<figure class=\"wp-block-image size-large\"><img loading=\"lazy\" decoding=\"async\" width=\"1024\" height=\"474\" src=\"https:\/\/academiacienciasveterinariascyl.com\/noticias\/wp-content\/uploads\/2024\/11\/luis-ferrer-1024x474.jpeg\" alt=\"\" class=\"wp-image-803\" srcset=\"https:\/\/academiacienciasveterinariascyl.com\/noticias\/wp-content\/uploads\/2024\/11\/luis-ferrer-1024x474.jpeg 1024w, https:\/\/academiacienciasveterinariascyl.com\/noticias\/wp-content\/uploads\/2024\/11\/luis-ferrer-300x139.jpeg 300w, https:\/\/academiacienciasveterinariascyl.com\/noticias\/wp-content\/uploads\/2024\/11\/luis-ferrer-768x355.jpeg 768w, https:\/\/academiacienciasveterinariascyl.com\/noticias\/wp-content\/uploads\/2024\/11\/luis-ferrer-1536x711.jpeg 1536w, https:\/\/academiacienciasveterinariascyl.com\/noticias\/wp-content\/uploads\/2024\/11\/luis-ferrer.jpeg 1757w\" sizes=\"(max-width: 1024px) 100vw, 1024px\" \/><\/figure>\n\n\n\n<p> <\/p>\n\n\n\n<p>26 septiembre 2024, Paraninfo Gord\u00f3n Ord\u00e1s del Edificio \u201cEl Albeitar\u201d, de la Universidad de Le\u00f3n<\/p>\n","protected":false},"excerpt":{"rendered":"<p>INAUGURACI\u00d3N Consejera de Sanidad de la Junta de Castilla y Le\u00f3n, Presidentes de las Academias Sanitarias de Castilla y Le\u00f3n \u00bfEs la alergia un proceso&hellip;<\/p>\n","protected":false},"author":1,"featured_media":804,"comment_status":"open","ping_status":"open","sticky":false,"template":"","format":"standard","meta":{"footnotes":""},"categories":[1],"tags":[],"_links":{"self":[{"href":"https:\/\/academiacienciasveterinariascyl.com\/noticias\/wp-json\/wp\/v2\/posts\/797"}],"collection":[{"href":"https:\/\/academiacienciasveterinariascyl.com\/noticias\/wp-json\/wp\/v2\/posts"}],"about":[{"href":"https:\/\/academiacienciasveterinariascyl.com\/noticias\/wp-json\/wp\/v2\/types\/post"}],"author":[{"embeddable":true,"href":"https:\/\/academiacienciasveterinariascyl.com\/noticias\/wp-json\/wp\/v2\/users\/1"}],"replies":[{"embeddable":true,"href":"https:\/\/academiacienciasveterinariascyl.com\/noticias\/wp-json\/wp\/v2\/comments?post=797"}],"version-history":[{"count":1,"href":"https:\/\/academiacienciasveterinariascyl.com\/noticias\/wp-json\/wp\/v2\/posts\/797\/revisions"}],"predecessor-version":[{"id":805,"href":"https:\/\/academiacienciasveterinariascyl.com\/noticias\/wp-json\/wp\/v2\/posts\/797\/revisions\/805"}],"wp:featuredmedia":[{"embeddable":true,"href":"https:\/\/academiacienciasveterinariascyl.com\/noticias\/wp-json\/wp\/v2\/media\/804"}],"wp:attachment":[{"href":"https:\/\/academiacienciasveterinariascyl.com\/noticias\/wp-json\/wp\/v2\/media?parent=797"}],"wp:term":[{"taxonomy":"category","embeddable":true,"href":"https:\/\/academiacienciasveterinariascyl.com\/noticias\/wp-json\/wp\/v2\/categories?post=797"},{"taxonomy":"post_tag","embeddable":true,"href":"https:\/\/academiacienciasveterinariascyl.com\/noticias\/wp-json\/wp\/v2\/tags?post=797"}],"curies":[{"name":"wp","href":"https:\/\/api.w.org\/{rel}","templated":true}]}}