{"id":788,"date":"2024-07-10T14:08:33","date_gmt":"2024-07-10T14:08:33","guid":{"rendered":"https:\/\/academiacienciasveterinariascyl.com\/noticias\/?p=788"},"modified":"2024-08-14T14:27:52","modified_gmt":"2024-08-14T14:27:52","slug":"el-presunto-caso-de-peste-bovina-de-1926-la-peste-del-odio","status":"publish","type":"post","link":"https:\/\/academiacienciasveterinariascyl.com\/noticias\/el-presunto-caso-de-peste-bovina-de-1926-la-peste-del-odio\/","title":{"rendered":"\u201cEl presunto caso de Peste Bovina de 1926: La peste del odio\u201d.  Conferencia del Dr. D. Manuel Garc\u00eda G\u00f3mez."},"content":{"rendered":"\n<p>La Academia de Ciencias Veterinarias de Castilla y Le\u00f3n Presenta. La Conferencia que pronuncio el miembro del Cuerpo Nacional Veterinario: <\/p>\n\n\n\n<figure class=\"wp-block-image size-large\"><img loading=\"lazy\" decoding=\"async\" width=\"1024\" height=\"683\" src=\"https:\/\/academiacienciasveterinariascyl.com\/noticias\/wp-content\/uploads\/2024\/08\/1-1024x683.jpg\" alt=\"\" class=\"wp-image-792\" srcset=\"https:\/\/academiacienciasveterinariascyl.com\/noticias\/wp-content\/uploads\/2024\/08\/1-1024x683.jpg 1024w, https:\/\/academiacienciasveterinariascyl.com\/noticias\/wp-content\/uploads\/2024\/08\/1-300x200.jpg 300w, https:\/\/academiacienciasveterinariascyl.com\/noticias\/wp-content\/uploads\/2024\/08\/1-768x512.jpg 768w, https:\/\/academiacienciasveterinariascyl.com\/noticias\/wp-content\/uploads\/2024\/08\/1.jpg 1500w\" sizes=\"(max-width: 1024px) 100vw, 1024px\" \/><\/figure>\n\n\n\n<p><strong>Dr. D. Manuel Garc\u00eda G\u00f3mez. <\/strong><\/p>\n\n\n\n<p>Titulada: <strong>\u201cEl presunto caso de Peste Bovina de 1926: La peste del odio\u201d <\/strong><\/p>\n\n\n\n<figure class=\"wp-block-image size-large\"><img loading=\"lazy\" decoding=\"async\" width=\"1024\" height=\"780\" src=\"https:\/\/academiacienciasveterinariascyl.com\/noticias\/wp-content\/uploads\/2024\/08\/manuel-gacria-gomez-1-1024x780.jpg\" alt=\"\" class=\"wp-image-793\" srcset=\"https:\/\/academiacienciasveterinariascyl.com\/noticias\/wp-content\/uploads\/2024\/08\/manuel-gacria-gomez-1-1024x780.jpg 1024w, https:\/\/academiacienciasveterinariascyl.com\/noticias\/wp-content\/uploads\/2024\/08\/manuel-gacria-gomez-1-300x228.jpg 300w, https:\/\/academiacienciasveterinariascyl.com\/noticias\/wp-content\/uploads\/2024\/08\/manuel-gacria-gomez-1-768x585.jpg 768w, https:\/\/academiacienciasveterinariascyl.com\/noticias\/wp-content\/uploads\/2024\/08\/manuel-gacria-gomez-1.jpg 1500w\" sizes=\"(max-width: 1024px) 100vw, 1024px\" \/><\/figure>\n\n\n\n<p>El Acto se celebr\u00f3 el 10 de julio 2024, Paraninfo Gord\u00f3n Ord\u00e1s del Edificio \u201cEl Albeitar\u201d, de la Universidad de Le\u00f3n<\/p>\n\n\n\n<figure class=\"wp-block-embed is-type-video is-provider-youtube wp-block-embed-youtube wp-embed-aspect-16-9 wp-has-aspect-ratio\"><div class=\"wp-block-embed__wrapper\">\n<iframe loading=\"lazy\" title=\"El presunto caso de Peste Bovina de 1926: La peste del odio. Conferencia: Dr. D. Manuel Garc\u00eda G\u00f3mez\" width=\"770\" height=\"433\" src=\"https:\/\/www.youtube.com\/embed\/XBEE9o-21Kk?feature=oembed\" frameborder=\"0\" allow=\"accelerometer; autoplay; clipboard-write; encrypted-media; gyroscope; picture-in-picture; web-share\" referrerpolicy=\"strict-origin-when-cross-origin\" allowfullscreen><\/iframe>\n<\/div><\/figure>\n","protected":false},"excerpt":{"rendered":"<p>La Academia de Ciencias Veterinarias de Castilla y Le\u00f3n Presenta. La Conferencia que pronuncio el miembro del Cuerpo Nacional Veterinario: Dr. D. Manuel Garc\u00eda G\u00f3mez.&hellip;<\/p>\n","protected":false},"author":1,"featured_media":791,"comment_status":"open","ping_status":"open","sticky":false,"template":"","format":"standard","meta":{"footnotes":""},"categories":[1],"tags":[],"_links":{"self":[{"href":"https:\/\/academiacienciasveterinariascyl.com\/noticias\/wp-json\/wp\/v2\/posts\/788"}],"collection":[{"href":"https:\/\/academiacienciasveterinariascyl.com\/noticias\/wp-json\/wp\/v2\/posts"}],"about":[{"href":"https:\/\/academiacienciasveterinariascyl.com\/noticias\/wp-json\/wp\/v2\/types\/post"}],"author":[{"embeddable":true,"href":"https:\/\/academiacienciasveterinariascyl.com\/noticias\/wp-json\/wp\/v2\/users\/1"}],"replies":[{"embeddable":true,"href":"https:\/\/academiacienciasveterinariascyl.com\/noticias\/wp-json\/wp\/v2\/comments?post=788"}],"version-history":[{"count":3,"href":"https:\/\/academiacienciasveterinariascyl.com\/noticias\/wp-json\/wp\/v2\/posts\/788\/revisions"}],"predecessor-version":[{"id":796,"href":"https:\/\/academiacienciasveterinariascyl.com\/noticias\/wp-json\/wp\/v2\/posts\/788\/revisions\/796"}],"wp:featuredmedia":[{"embeddable":true,"href":"https:\/\/academiacienciasveterinariascyl.com\/noticias\/wp-json\/wp\/v2\/media\/791"}],"wp:attachment":[{"href":"https:\/\/academiacienciasveterinariascyl.com\/noticias\/wp-json\/wp\/v2\/media?parent=788"}],"wp:term":[{"taxonomy":"category","embeddable":true,"href":"https:\/\/academiacienciasveterinariascyl.com\/noticias\/wp-json\/wp\/v2\/categories?post=788"},{"taxonomy":"post_tag","embeddable":true,"href":"https:\/\/academiacienciasveterinariascyl.com\/noticias\/wp-json\/wp\/v2\/tags?post=788"}],"curies":[{"name":"wp","href":"https:\/\/api.w.org\/{rel}","templated":true}]}}