{"id":777,"date":"2024-06-05T17:16:19","date_gmt":"2024-06-05T17:16:19","guid":{"rendered":"https:\/\/academiacienciasveterinariascyl.com\/noticias\/?p=777"},"modified":"2024-06-11T17:27:39","modified_gmt":"2024-06-11T17:27:39","slug":"enfermedad-de-parkinson-siglo-xxi-avances-y-retos-hacia-la-curacion-conferencia-dr-jose-angel-obeso-inchausti","status":"publish","type":"post","link":"https:\/\/academiacienciasveterinariascyl.com\/noticias\/enfermedad-de-parkinson-siglo-xxi-avances-y-retos-hacia-la-curacion-conferencia-dr-jose-angel-obeso-inchausti\/","title":{"rendered":"V\u00cdDEO CONFERENCIA:  Enfermedad de Parkinson siglo XXI: Avances y Retos hacia la curaci\u00f3n. Conferencia Dr. Jos\u00e9 \u00c1ngel Obeso Inchausti."},"content":{"rendered":"\n<p>5 de Junio en el Paraninfo \u201cF\u00e9lix Gord\u00f3n Ord\u00e1s\u201d Edificio del Rectorado de la ULE, Avda. de la Facultad 25(LE\u00d3N) <\/p>\n\n\n\n<p><strong>PATROCINA: PHARMADUS BOTANICALS <\/strong><\/p>\n\n\n\n<figure class=\"wp-block-embed is-type-video is-provider-youtube wp-block-embed-youtube wp-embed-aspect-16-9 wp-has-aspect-ratio\"><div class=\"wp-block-embed__wrapper\">\n<iframe loading=\"lazy\" title=\"Enfermedad de Parkinson siglo XXI: Avances y Retos hacia la curaci\u00f3n. Conferencia Dr. Jos\u00e9 A. Obeso\" width=\"770\" height=\"433\" src=\"https:\/\/www.youtube.com\/embed\/ntU8P3KLd6Y?feature=oembed\" frameborder=\"0\" allow=\"accelerometer; autoplay; clipboard-write; encrypted-media; gyroscope; picture-in-picture; web-share\" referrerpolicy=\"strict-origin-when-cross-origin\" allowfullscreen><\/iframe>\n<\/div><\/figure>\n\n\n\n<figure class=\"wp-block-image size-large\"><img loading=\"lazy\" decoding=\"async\" width=\"1024\" height=\"683\" src=\"https:\/\/academiacienciasveterinariascyl.com\/noticias\/wp-content\/uploads\/2024\/06\/conferencia-doctor-obeso-1024x683.jpg\" alt=\"\" class=\"wp-image-778\" srcset=\"https:\/\/academiacienciasveterinariascyl.com\/noticias\/wp-content\/uploads\/2024\/06\/conferencia-doctor-obeso-1024x683.jpg 1024w, https:\/\/academiacienciasveterinariascyl.com\/noticias\/wp-content\/uploads\/2024\/06\/conferencia-doctor-obeso-300x200.jpg 300w, https:\/\/academiacienciasveterinariascyl.com\/noticias\/wp-content\/uploads\/2024\/06\/conferencia-doctor-obeso-768x512.jpg 768w, https:\/\/academiacienciasveterinariascyl.com\/noticias\/wp-content\/uploads\/2024\/06\/conferencia-doctor-obeso.jpg 1088w\" sizes=\"(max-width: 1024px) 100vw, 1024px\" \/><\/figure>\n\n\n\n<p class=\"has-text-align-left\">Dr. Jos\u00e9 A. Obeso: Director del Centro Integral de Neurociencias (CINAC) grupo HM Hospitales. Catedr\u00e1tico de Neurolog\u00eda, Universidad CEU San Pablo Acad\u00e9mico de N\u00famero Real Academia Nacional de Medicina de Espa\u00f1a Dr. Jos\u00e9 \u00c1ngel Obeso Inchausti se licenci\u00f3 en Medicina y Cirug\u00eda en la Universidad de Navarra en 1976 y realiz\u00f3 su formaci\u00f3n como m\u00e9dico residente en el hospital Nuestra Sra. de Ar\u00e1nzazu de San Sebasti\u00e1n. <\/p>\n\n\n\n<figure class=\"wp-block-image size-large\"><img loading=\"lazy\" decoding=\"async\" width=\"1024\" height=\"683\" src=\"https:\/\/academiacienciasveterinariascyl.com\/noticias\/wp-content\/uploads\/2024\/06\/conferencia-doctor-obeso-iInchausti-1024x683.jpg\" alt=\"\" class=\"wp-image-779\" srcset=\"https:\/\/academiacienciasveterinariascyl.com\/noticias\/wp-content\/uploads\/2024\/06\/conferencia-doctor-obeso-iInchausti-1024x683.jpg 1024w, https:\/\/academiacienciasveterinariascyl.com\/noticias\/wp-content\/uploads\/2024\/06\/conferencia-doctor-obeso-iInchausti-300x200.jpg 300w, https:\/\/academiacienciasveterinariascyl.com\/noticias\/wp-content\/uploads\/2024\/06\/conferencia-doctor-obeso-iInchausti-768x512.jpg 768w, https:\/\/academiacienciasveterinariascyl.com\/noticias\/wp-content\/uploads\/2024\/06\/conferencia-doctor-obeso-iInchausti.jpg 1088w\" sizes=\"(max-width: 1024px) 100vw, 1024px\" \/><\/figure>\n\n\n\n<p class=\"has-text-align-left\">Tras finalizar la especialidad de Neurolog\u00eda obtuvo el grado de Doctor en Medicina por la Universidad de Navarra en 1979. Posteriormente, se incorpor\u00f3 al equipo del Profesor David Marsden del Institute of Psychiatry, Kings College Hospital de Londres, dedicado al estudio de la Enfermedad de Parkinson y Trastornos del Movimiento. A su regreso a Espa\u00f1a trabaj\u00f3 en la Universidad de Navarra y desde 2014 dirige el Centro Integral de Neurociencias AC (CINAC) que fund\u00f3 en el hospital Puerta del Sur (M\u00f3stoles) del grupo HM Hospitales. <\/p>\n\n\n\n<p class=\"has-text-align-left\">El Dr. Obeso dirige uno de los laboratorios l\u00edderes en la patog\u00e9nesis y el tratamiento de la Enfermedad de Parkinson. Ha sido pionero en el desarrollo del concepto de la \u201cestimulaci\u00f3n dopamin\u00e9rgica cont\u00ednua para esta enfermedad\u201d y ha definido los mecanismos asociados con mioclon\u00edas, tics y diston\u00eda. <\/p>\n\n\n\n<p class=\"has-text-align-left\">Sus estudios en modelos experimentales contribuyeron decisivamente al resurgimiento del tratamiento quir\u00fargico para la enfermedad de Parkinson en los a\u00f1os 90 del siglo pasado, liderando el primer estudio mundial sobre estimulaci\u00f3n cerebral profunda, actualmente de uso habitual en diversas patolog\u00edas motoras. <\/p>\n\n\n\n<p class=\"has-text-align-left\">Recientemente, ha desarrollado con \u00e9xito la t\u00e9cnica de ultrasonidos focal de alta intensidad en la enfermedad de Parkinson y otros trastornos del movimiento orientada a conseguir la apertura transitoria de la barrera hematoencef\u00e1lica y as\u00ed optimizar el suministro de agentes neuroprotectores. <\/p>\n\n\n\n<p class=\"has-text-align-left\">Esta t\u00e9cnica puede contribuir significativamente a cambiar el curso progresivo de procesos neurodegenerativos graves y frecuentes, como la enfermedad de Alzheimer y de Parkinson. <\/p>\n\n\n\n<p class=\"has-text-align-left\">El Dr. Obeso ha publicado m\u00e1s de 350 art\u00edculos que acumulan cerca de 60 mil citas, muchos de ellos en revistas del m\u00e1ximo prestigio como The Lancet, New England Journal of Medicine, Lancet Neurology o Nature Medicine. <\/p>\n\n\n\n<p class=\"has-text-align-left\">Fue elegido en 2017 para ocupar el sill\u00f3n #48 de Neurolog\u00eda en la Real Academia Nacional de Medicina de Espa\u00f1a, y en 2023 ha sido galardonado con el prestigioso premio cient\u00edfico de la Fundaci\u00f3n Alexander von Humboldt, uno de los principales concedidos en Alemania. <\/p>\n\n\n\n<p class=\"has-text-align-left\">Actualmente es catedr\u00e1tico de Neurolog\u00eda en la Universidad CEU San Pablo de Madrid, habiendo dirigido 20 tesis doctorales, y, sobre todo, dirige a m\u00e1s de 40 investigadores b\u00e1sicos y cl\u00ednicos en el Centro Integral de Neurociencias CINAC del grupo HM. <\/p>\n\n\n\n<p class=\"has-text-align-left\">En resumen, el Dr. Jos\u00e9 Obeso es uno de los m\u00e9dicos espa\u00f1oles con mayor proyecci\u00f3n internacional y un referente mundial en la investigaci\u00f3n y el tratamiento de la enfermedad de Parkinson.<\/p>\n","protected":false},"excerpt":{"rendered":"<p>5 de Junio en el Paraninfo \u201cF\u00e9lix Gord\u00f3n Ord\u00e1s\u201d Edificio del Rectorado de la ULE, Avda. de la Facultad 25(LE\u00d3N) PATROCINA: PHARMADUS BOTANICALS Dr. Jos\u00e9&hellip;<\/p>\n","protected":false},"author":1,"featured_media":780,"comment_status":"open","ping_status":"open","sticky":false,"template":"","format":"standard","meta":{"footnotes":""},"categories":[1],"tags":[],"_links":{"self":[{"href":"https:\/\/academiacienciasveterinariascyl.com\/noticias\/wp-json\/wp\/v2\/posts\/777"}],"collection":[{"href":"https:\/\/academiacienciasveterinariascyl.com\/noticias\/wp-json\/wp\/v2\/posts"}],"about":[{"href":"https:\/\/academiacienciasveterinariascyl.com\/noticias\/wp-json\/wp\/v2\/types\/post"}],"author":[{"embeddable":true,"href":"https:\/\/academiacienciasveterinariascyl.com\/noticias\/wp-json\/wp\/v2\/users\/1"}],"replies":[{"embeddable":true,"href":"https:\/\/academiacienciasveterinariascyl.com\/noticias\/wp-json\/wp\/v2\/comments?post=777"}],"version-history":[{"count":4,"href":"https:\/\/academiacienciasveterinariascyl.com\/noticias\/wp-json\/wp\/v2\/posts\/777\/revisions"}],"predecessor-version":[{"id":784,"href":"https:\/\/academiacienciasveterinariascyl.com\/noticias\/wp-json\/wp\/v2\/posts\/777\/revisions\/784"}],"wp:featuredmedia":[{"embeddable":true,"href":"https:\/\/academiacienciasveterinariascyl.com\/noticias\/wp-json\/wp\/v2\/media\/780"}],"wp:attachment":[{"href":"https:\/\/academiacienciasveterinariascyl.com\/noticias\/wp-json\/wp\/v2\/media?parent=777"}],"wp:term":[{"taxonomy":"category","embeddable":true,"href":"https:\/\/academiacienciasveterinariascyl.com\/noticias\/wp-json\/wp\/v2\/categories?post=777"},{"taxonomy":"post_tag","embeddable":true,"href":"https:\/\/academiacienciasveterinariascyl.com\/noticias\/wp-json\/wp\/v2\/tags?post=777"}],"curies":[{"name":"wp","href":"https:\/\/api.w.org\/{rel}","templated":true}]}}