{"id":76,"date":"2019-02-13T18:12:30","date_gmt":"2019-02-13T18:12:30","guid":{"rendered":"http:\/\/academiacienciasveterinariascyl.com\/noticias\/?p=76"},"modified":"2019-11-19T17:23:58","modified_gmt":"2019-11-19T17:23:58","slug":"toma-de-posesion-del-academico-correspondiente-extranjero-ilmo-sr-dr-d-rafael-frandoloso-2","status":"publish","type":"post","link":"https:\/\/academiacienciasveterinariascyl.com\/noticias\/toma-de-posesion-del-academico-correspondiente-extranjero-ilmo-sr-dr-d-rafael-frandoloso-2\/","title":{"rendered":"Conferencia Toma de Posesi\u00f3n del Acad\u00e9mico Correspondiente Extranjero: Ilmo. Sr. Dr. D. Rafael Frandoloso"},"content":{"rendered":"\n<p>Acto celebrado el  13 de Febrero de 2019 a las 18.30 horas en el Paraninfo Gord\u00f3n Ord\u00e1s del Edificio \u2018El Albeitar\u2019, de la Universidad de Le\u00f3n. <\/p>\n\n\n\n<p><\/p>\n\n\n\n<p><a href=\"https:\/\/www.youtube.com\/watch?v=4Y7_zO8DKxs&amp;t=3s\" target=\"_blank\" rel=\"noreferrer noopener\" aria-label=\"VER V\u00cdDEO&nbsp;CONFERENCIA (abre en una nueva pesta\u00f1a)\">VER V\u00cdDEO&nbsp;CONFERENCIA<\/a><\/p>\n\n\n\n<p>El Presidente de la Academia de Ciencias Veterinarias de Castilla y Le\u00f3n presidi\u00f3  el Acto Solemne de Toma de Posesi\u00f3n del Acad\u00e9mico Correspondiente Extranjero: Ilmo. Sr. Dr. D. Rafael Frandoloso. <\/p>\n\n\n\n<figure class=\"wp-block-image\"><img loading=\"lazy\" decoding=\"async\" width=\"800\" height=\"551\" src=\"https:\/\/academiacienciasveterinariascyl.com\/noticias\/wp-content\/uploads\/2019\/02\/Elias-Rodriguez-Ferri.jpg\" alt=\"\" class=\"wp-image-77\" srcset=\"https:\/\/academiacienciasveterinariascyl.com\/noticias\/wp-content\/uploads\/2019\/02\/Elias-Rodriguez-Ferri.jpg 800w, https:\/\/academiacienciasveterinariascyl.com\/noticias\/wp-content\/uploads\/2019\/02\/Elias-Rodriguez-Ferri-300x207.jpg 300w, https:\/\/academiacienciasveterinariascyl.com\/noticias\/wp-content\/uploads\/2019\/02\/Elias-Rodriguez-Ferri-768x529.jpg 768w\" sizes=\"(max-width: 800px) 100vw, 800px\" \/><\/figure>\n\n\n\n<p>En nombre de la Academia, la presentaci\u00f3n la realiz\u00f3 el Acad\u00e9mico de N\u00famero y Fundador, Excmo. Sr. D. El\u00edas F. Rodr\u00edguez Ferri. <\/p>\n\n\n\n<figure class=\"wp-block-image\"><img loading=\"lazy\" decoding=\"async\" width=\"800\" height=\"533\" src=\"https:\/\/academiacienciasveterinariascyl.com\/noticias\/wp-content\/uploads\/2019\/02\/Rafael-Frandoloso.jpg\" alt=\"\" class=\"wp-image-78\" srcset=\"https:\/\/academiacienciasveterinariascyl.com\/noticias\/wp-content\/uploads\/2019\/02\/Rafael-Frandoloso.jpg 800w, https:\/\/academiacienciasveterinariascyl.com\/noticias\/wp-content\/uploads\/2019\/02\/Rafael-Frandoloso-300x200.jpg 300w, https:\/\/academiacienciasveterinariascyl.com\/noticias\/wp-content\/uploads\/2019\/02\/Rafael-Frandoloso-768x512.jpg 768w\" sizes=\"(max-width: 800px) 100vw, 800px\" \/><\/figure>\n\n\n\n<p>Quien pronunci\u00f3 la conferencia titulada: \u201cEl sistema inmunitario porcino: del calostro a la inmunidad espec\u00edfica inducida por vacunas\u201d <\/p>\n","protected":false},"excerpt":{"rendered":"<p>Acto celebrado el 13 de Febrero de 2019 a las 18.30 horas en el Paraninfo Gord\u00f3n Ord\u00e1s del Edificio \u2018El Albeitar\u2019, de la Universidad de&hellip;<\/p>\n","protected":false},"author":1,"featured_media":86,"comment_status":"open","ping_status":"open","sticky":false,"template":"","format":"standard","meta":{"footnotes":""},"categories":[1],"tags":[],"_links":{"self":[{"href":"https:\/\/academiacienciasveterinariascyl.com\/noticias\/wp-json\/wp\/v2\/posts\/76"}],"collection":[{"href":"https:\/\/academiacienciasveterinariascyl.com\/noticias\/wp-json\/wp\/v2\/posts"}],"about":[{"href":"https:\/\/academiacienciasveterinariascyl.com\/noticias\/wp-json\/wp\/v2\/types\/post"}],"author":[{"embeddable":true,"href":"https:\/\/academiacienciasveterinariascyl.com\/noticias\/wp-json\/wp\/v2\/users\/1"}],"replies":[{"embeddable":true,"href":"https:\/\/academiacienciasveterinariascyl.com\/noticias\/wp-json\/wp\/v2\/comments?post=76"}],"version-history":[{"count":7,"href":"https:\/\/academiacienciasveterinariascyl.com\/noticias\/wp-json\/wp\/v2\/posts\/76\/revisions"}],"predecessor-version":[{"id":165,"href":"https:\/\/academiacienciasveterinariascyl.com\/noticias\/wp-json\/wp\/v2\/posts\/76\/revisions\/165"}],"wp:featuredmedia":[{"embeddable":true,"href":"https:\/\/academiacienciasveterinariascyl.com\/noticias\/wp-json\/wp\/v2\/media\/86"}],"wp:attachment":[{"href":"https:\/\/academiacienciasveterinariascyl.com\/noticias\/wp-json\/wp\/v2\/media?parent=76"}],"wp:term":[{"taxonomy":"category","embeddable":true,"href":"https:\/\/academiacienciasveterinariascyl.com\/noticias\/wp-json\/wp\/v2\/categories?post=76"},{"taxonomy":"post_tag","embeddable":true,"href":"https:\/\/academiacienciasveterinariascyl.com\/noticias\/wp-json\/wp\/v2\/tags?post=76"}],"curies":[{"name":"wp","href":"https:\/\/api.w.org\/{rel}","templated":true}]}}