{"id":759,"date":"2024-05-28T17:27:41","date_gmt":"2024-05-28T17:27:41","guid":{"rendered":"http:\/\/academiacienciasveterinariascyl.com\/noticias\/?p=759"},"modified":"2024-05-28T17:35:01","modified_gmt":"2024-05-28T17:35:01","slug":"759-2","status":"publish","type":"post","link":"https:\/\/academiacienciasveterinariascyl.com\/noticias\/759-2\/","title":{"rendered":"CONFERENCIA 5 de Junio 2024.   Enfermedad de Parkinson siglo XXI: Avances y Retos hacia la curaci\u00f3n Impartida por el Dr. Jos\u00e9 A. Obeso."},"content":{"rendered":"\n<p><br><\/p>\n\n\n\n<p>Director del Centro Integral de Neurociencias (CINAC) grupo HM Hospitales. Catedr\u00e1tico de Neurolog\u00eda, Universidad CEU San Pablo Acad\u00e9mico de N\u00famero Real Academia Nacional de Medicina de Espa\u00f1a. <\/p>\n\n\n\n<p><\/p>\n\n\n\n<figure class=\"wp-block-image size-large\"><img loading=\"lazy\" decoding=\"async\" width=\"1024\" height=\"452\" src=\"https:\/\/academiacienciasveterinariascyl.com\/noticias\/wp-content\/uploads\/2024\/05\/Enfermedad-de-Parkinson-siglo-XXI-1024x452.jpg\" alt=\"\" class=\"wp-image-762\" srcset=\"https:\/\/academiacienciasveterinariascyl.com\/noticias\/wp-content\/uploads\/2024\/05\/Enfermedad-de-Parkinson-siglo-XXI-1024x452.jpg 1024w, https:\/\/academiacienciasveterinariascyl.com\/noticias\/wp-content\/uploads\/2024\/05\/Enfermedad-de-Parkinson-siglo-XXI-300x132.jpg 300w, https:\/\/academiacienciasveterinariascyl.com\/noticias\/wp-content\/uploads\/2024\/05\/Enfermedad-de-Parkinson-siglo-XXI-768x339.jpg 768w, https:\/\/academiacienciasveterinariascyl.com\/noticias\/wp-content\/uploads\/2024\/05\/Enfermedad-de-Parkinson-siglo-XXI.jpg 1103w\" sizes=\"(max-width: 1024px) 100vw, 1024px\" \/><\/figure>\n\n\n\n<p><strong>Dr. Jos\u00e9 \u00c1ngel Obeso Inchausti<\/strong><\/p>\n\n\n\n<p>Jos\u00e9 A. Obeso se licenci\u00f3 en Medicina y Cirug\u00eda en la Universidad de Navarra en 1976 y realiz\u00f3 su formaci\u00f3n como m\u00e9dico residente en el hospital Nuestra Sra. de Ar\u00e1nzazu de San Sebasti\u00e1n. Tras finalizar la especialidad de Neurolog\u00eda obtuvo el grado de Doctor en Medicina por la Universidad de Navarra en 1979. Posteriormente, se incorpor\u00f3 al equipo del Profesor David Marsden del Institute of Psychiatry, Kings College Hospital de Londres, dedicado al estudio de la Enfermedad de Parkinson y Trastornos del Movimiento. A su regreso a Espa\u00f1a trabaj\u00f3 en la Universidad de Navarra y desde 2014 dirige el Centro Integral de Neurociencias AC (CINAC) que fund\u00f3 en el hospital Puerta del Sur (M\u00f3stoles) del grupo HM Hospitales.<\/p>\n\n\n\n<p>El Dr. Obeso dirige uno de los laboratorios l\u00edderes en la patog\u00e9nesis y el tratamiento de la Enfermedad de Parkinson. Ha sido pionero en el desarrollo del concepto de la \u201cestimulaci\u00f3n dopamin\u00e9rgica continua para esta enfermedad\u201d y ha definido los mecanismos asociados con mioclon\u00edas, tics y diston\u00eda. Sus estudios en modelos experimentales contribuyeron decisivamente al resurgimiento del tratamiento quir\u00fargico para la enfermedad de Parkinson en los a\u00f1os 90 del siglo pasado, liderando el primer estudio mundial sobre estimulaci\u00f3n cerebral profunda, actualmente de uso habitual en diversas patolog\u00edas motoras. Recientemente, ha desarrollado con \u00e9xito la t\u00e9cnica de ultrasonidos focal de<br>alta intensidad en la enfermedad de Parkinson y otros trastornos del movimiento orientada<br>a conseguir la apertura transitoria de la barrera hematoencef\u00e1lica y as\u00ed optimizar el<br>suministro de agentes neuroprotectores. Esta t\u00e9cnica puede contribuir significativamente a<br>cambiar el curso progresivo de procesos neurodegenerativos graves y frecuentes, como<br>la enfermedad de Alzheimer y de Parkinson.<\/p>\n\n\n\n<p><br>El Dr. Obeso ha publicado m\u00e1s de 350 art\u00edculos que acumulan cerca de 60 mil citas,<br>muchos de ellos en revistas del m\u00e1ximo prestigio como The Lancet, New England Journal<br>of Medicine, Lancet Neurology o Nature Medicine. Fue elegido en 2017 para ocupar<br>el sill\u00f3n #48 de Neurolog\u00eda en la Real Academia Nacional de Medicina de Espa\u00f1a,<br>y en 2023 ha sido galardonado con el prestigioso premio cient\u00edfico de la Fundaci\u00f3n<br>Alexander von Humboldt, uno de los principales concedidos en Alemania. Actualmente<br>es catedr\u00e1tico de Neurolog\u00eda en la Universidad CEU San Pablo de Madrid, habiendo<br>dirigido 20 tesis doctorales, y, sobre todo, dirige a m\u00e1s de 40 investigadores b\u00e1sicos y<br>cl\u00ednicos en el Centro Integral de Neurociencias CINAC del grupo HM.<br>En resumen, el Dr. Jos\u00e9 Obeso es uno de los m\u00e9dicos espa\u00f1oles con mayor proyecci\u00f3n<br>internacional y un referente mundial en la investigaci\u00f3n y el tratamiento de la<br>enfermedad de Parkinson.<\/p>\n","protected":false},"excerpt":{"rendered":"<p>Director del Centro Integral de Neurociencias (CINAC) grupo HM Hospitales. Catedr\u00e1tico de Neurolog\u00eda, Universidad CEU San Pablo Acad\u00e9mico de N\u00famero Real Academia Nacional de Medicina&hellip;<\/p>\n","protected":false},"author":1,"featured_media":761,"comment_status":"open","ping_status":"open","sticky":false,"template":"","format":"standard","meta":{"footnotes":""},"categories":[1],"tags":[9,10],"_links":{"self":[{"href":"https:\/\/academiacienciasveterinariascyl.com\/noticias\/wp-json\/wp\/v2\/posts\/759"}],"collection":[{"href":"https:\/\/academiacienciasveterinariascyl.com\/noticias\/wp-json\/wp\/v2\/posts"}],"about":[{"href":"https:\/\/academiacienciasveterinariascyl.com\/noticias\/wp-json\/wp\/v2\/types\/post"}],"author":[{"embeddable":true,"href":"https:\/\/academiacienciasveterinariascyl.com\/noticias\/wp-json\/wp\/v2\/users\/1"}],"replies":[{"embeddable":true,"href":"https:\/\/academiacienciasveterinariascyl.com\/noticias\/wp-json\/wp\/v2\/comments?post=759"}],"version-history":[{"count":8,"href":"https:\/\/academiacienciasveterinariascyl.com\/noticias\/wp-json\/wp\/v2\/posts\/759\/revisions"}],"predecessor-version":[{"id":771,"href":"https:\/\/academiacienciasveterinariascyl.com\/noticias\/wp-json\/wp\/v2\/posts\/759\/revisions\/771"}],"wp:featuredmedia":[{"embeddable":true,"href":"https:\/\/academiacienciasveterinariascyl.com\/noticias\/wp-json\/wp\/v2\/media\/761"}],"wp:attachment":[{"href":"https:\/\/academiacienciasveterinariascyl.com\/noticias\/wp-json\/wp\/v2\/media?parent=759"}],"wp:term":[{"taxonomy":"category","embeddable":true,"href":"https:\/\/academiacienciasveterinariascyl.com\/noticias\/wp-json\/wp\/v2\/categories?post=759"},{"taxonomy":"post_tag","embeddable":true,"href":"https:\/\/academiacienciasveterinariascyl.com\/noticias\/wp-json\/wp\/v2\/tags?post=759"}],"curies":[{"name":"wp","href":"https:\/\/api.w.org\/{rel}","templated":true}]}}