{"id":741,"date":"2024-04-12T08:57:08","date_gmt":"2024-04-12T08:57:08","guid":{"rendered":"http:\/\/academiacienciasveterinariascyl.com\/noticias\/?p=741"},"modified":"2024-04-12T08:58:45","modified_gmt":"2024-04-12T08:58:45","slug":"acto-solemne-de-apertura-de-curso-2024-academia-de-ciencias-veterinarias-de-castilla-y-leon","status":"publish","type":"post","link":"https:\/\/academiacienciasveterinariascyl.com\/noticias\/acto-solemne-de-apertura-de-curso-2024-academia-de-ciencias-veterinarias-de-castilla-y-leon\/","title":{"rendered":"Acto Solemne de Apertura de Curso 2024 Academia de Ciencias Veterinarias de Castilla y Le\u00f3n"},"content":{"rendered":"\n<p><\/p>\n\n\n\n<p>Programa: <\/p>\n\n\n\n<p>1. Apertura del Curso 2024, por el Excmo. Sr. Presidente de la Academia.<\/p>\n\n\n\n<p>2. Memoria del Curso 2023, por el Excmo. Sr. Secretario de la Academia.<\/p>\n\n\n\n<figure class=\"wp-block-image size-large\"><img loading=\"lazy\" decoding=\"async\" width=\"1024\" height=\"683\" src=\"https:\/\/academiacienciasveterinariascyl.com\/noticias\/wp-content\/uploads\/2024\/04\/1-1-1-1024x683.jpg\" alt=\"\" class=\"wp-image-745\" srcset=\"https:\/\/academiacienciasveterinariascyl.com\/noticias\/wp-content\/uploads\/2024\/04\/1-1-1-1024x683.jpg 1024w, https:\/\/academiacienciasveterinariascyl.com\/noticias\/wp-content\/uploads\/2024\/04\/1-1-1-300x200.jpg 300w, https:\/\/academiacienciasveterinariascyl.com\/noticias\/wp-content\/uploads\/2024\/04\/1-1-1-768x512.jpg 768w, https:\/\/academiacienciasveterinariascyl.com\/noticias\/wp-content\/uploads\/2024\/04\/1-1-1.jpg 1088w\" sizes=\"(max-width: 1024px) 100vw, 1024px\" \/><\/figure>\n\n\n\n<p>3. Entrega de los Premios de la Academia de Ciencias Veterinarias de Castilla y Le\u00f3n patrocinados por el Consejo de Colegios de Veterinarios de Castilla y Le\u00f3n y el Colegio O\ufb01cial de Veterinarios de Le\u00f3n.<\/p>\n\n\n\n<figure class=\"wp-block-image size-large\"><img loading=\"lazy\" decoding=\"async\" width=\"1024\" height=\"683\" src=\"https:\/\/academiacienciasveterinariascyl.com\/noticias\/wp-content\/uploads\/2024\/04\/2-1024x683.jpg\" alt=\"\" class=\"wp-image-746\" srcset=\"https:\/\/academiacienciasveterinariascyl.com\/noticias\/wp-content\/uploads\/2024\/04\/2-1024x683.jpg 1024w, https:\/\/academiacienciasveterinariascyl.com\/noticias\/wp-content\/uploads\/2024\/04\/2-300x200.jpg 300w, https:\/\/academiacienciasveterinariascyl.com\/noticias\/wp-content\/uploads\/2024\/04\/2-768x512.jpg 768w, https:\/\/academiacienciasveterinariascyl.com\/noticias\/wp-content\/uploads\/2024\/04\/2.jpg 1088w\" sizes=\"(max-width: 1024px) 100vw, 1024px\" \/><\/figure>\n\n\n\n<figure class=\"wp-block-image size-large\"><img loading=\"lazy\" decoding=\"async\" width=\"1088\" height=\"726\" src=\"https:\/\/academiacienciasveterinariascyl.com\/noticias\/wp-content\/uploads\/2024\/04\/3-1024x683.jpg\" alt=\"\" class=\"wp-image-747\" srcset=\"https:\/\/academiacienciasveterinariascyl.com\/noticias\/wp-content\/uploads\/2024\/04\/3-1024x683.jpg 1024w, https:\/\/academiacienciasveterinariascyl.com\/noticias\/wp-content\/uploads\/2024\/04\/3-300x200.jpg 300w, https:\/\/academiacienciasveterinariascyl.com\/noticias\/wp-content\/uploads\/2024\/04\/3-768x512.jpg 768w, https:\/\/academiacienciasveterinariascyl.com\/noticias\/wp-content\/uploads\/2024\/04\/3.jpg 1088w\" sizes=\"(max-width: 1088px) 100vw, 1088px\" \/><\/figure>\n\n\n\n<p> 4. Lectura del Discurso de Apertura a cargo del Acad\u00e9mico de N\u00famero, <strong>Dr. D. Juan Carlos Dom\u00ednguez Fern\u00e1ndez de Tejerina que disertar\u00e1 sobre: \u00abMedicina de la Reproducci\u00f3n del ganado vacuno {De Arist\u00f3teles a la Revoluci\u00f3n 4.0)\u00bb <\/strong><\/p>\n\n\n\n<figure class=\"wp-block-image size-large\"><img loading=\"lazy\" decoding=\"async\" width=\"1024\" height=\"683\" src=\"https:\/\/academiacienciasveterinariascyl.com\/noticias\/wp-content\/uploads\/2024\/04\/FERNANDEZ-DE-TEJERINA-1024x683.jpg\" alt=\"\" class=\"wp-image-748\" srcset=\"https:\/\/academiacienciasveterinariascyl.com\/noticias\/wp-content\/uploads\/2024\/04\/FERNANDEZ-DE-TEJERINA-1024x683.jpg 1024w, https:\/\/academiacienciasveterinariascyl.com\/noticias\/wp-content\/uploads\/2024\/04\/FERNANDEZ-DE-TEJERINA-300x200.jpg 300w, https:\/\/academiacienciasveterinariascyl.com\/noticias\/wp-content\/uploads\/2024\/04\/FERNANDEZ-DE-TEJERINA-768x512.jpg 768w, https:\/\/academiacienciasveterinariascyl.com\/noticias\/wp-content\/uploads\/2024\/04\/FERNANDEZ-DE-TEJERINA.jpg 1088w\" sizes=\"(max-width: 1024px) 100vw, 1024px\" \/><\/figure>\n\n\n\n<p>5. Clausura del Acto, por el Excmo. Sr. Presidente de la Academia. <\/p>\n\n\n\n<p><strong>VER V\u00cdDEO<\/strong><\/p>\n\n\n\n<figure class=\"wp-block-embed is-type-video is-provider-youtube wp-block-embed-youtube wp-embed-aspect-16-9 wp-has-aspect-ratio\"><div class=\"wp-block-embed__wrapper\">\n<iframe loading=\"lazy\" title=\"Acto Solemne de Apertura de Curso 2024 Academia de Ciencias Veterinarias de Castilla y Le\u00f3n\" width=\"770\" height=\"433\" src=\"https:\/\/www.youtube.com\/embed\/_q_fAkAm-dI?feature=oembed\" frameborder=\"0\" allow=\"accelerometer; autoplay; clipboard-write; encrypted-media; gyroscope; picture-in-picture; web-share\" referrerpolicy=\"strict-origin-when-cross-origin\" allowfullscreen><\/iframe>\n<\/div><\/figure>\n\n\n\n<p><\/p>\n\n\n\n<p>El Acto celebrado el 21 de febrero de 2024. Paraninfo Gord\u00f3n Ord\u00e1s, Universidad de Le\u00f3n.<\/p>\n","protected":false},"excerpt":{"rendered":"<p>Programa: 1. Apertura del Curso 2024, por el Excmo. Sr. Presidente de la Academia. 2. Memoria del Curso 2023, por el Excmo. Sr. Secretario de&hellip;<\/p>\n","protected":false},"author":1,"featured_media":75,"comment_status":"open","ping_status":"open","sticky":false,"template":"","format":"standard","meta":{"footnotes":""},"categories":[1],"tags":[],"_links":{"self":[{"href":"https:\/\/academiacienciasveterinariascyl.com\/noticias\/wp-json\/wp\/v2\/posts\/741"}],"collection":[{"href":"https:\/\/academiacienciasveterinariascyl.com\/noticias\/wp-json\/wp\/v2\/posts"}],"about":[{"href":"https:\/\/academiacienciasveterinariascyl.com\/noticias\/wp-json\/wp\/v2\/types\/post"}],"author":[{"embeddable":true,"href":"https:\/\/academiacienciasveterinariascyl.com\/noticias\/wp-json\/wp\/v2\/users\/1"}],"replies":[{"embeddable":true,"href":"https:\/\/academiacienciasveterinariascyl.com\/noticias\/wp-json\/wp\/v2\/comments?post=741"}],"version-history":[{"count":2,"href":"https:\/\/academiacienciasveterinariascyl.com\/noticias\/wp-json\/wp\/v2\/posts\/741\/revisions"}],"predecessor-version":[{"id":750,"href":"https:\/\/academiacienciasveterinariascyl.com\/noticias\/wp-json\/wp\/v2\/posts\/741\/revisions\/750"}],"wp:featuredmedia":[{"embeddable":true,"href":"https:\/\/academiacienciasveterinariascyl.com\/noticias\/wp-json\/wp\/v2\/media\/75"}],"wp:attachment":[{"href":"https:\/\/academiacienciasveterinariascyl.com\/noticias\/wp-json\/wp\/v2\/media?parent=741"}],"wp:term":[{"taxonomy":"category","embeddable":true,"href":"https:\/\/academiacienciasveterinariascyl.com\/noticias\/wp-json\/wp\/v2\/categories?post=741"},{"taxonomy":"post_tag","embeddable":true,"href":"https:\/\/academiacienciasveterinariascyl.com\/noticias\/wp-json\/wp\/v2\/tags?post=741"}],"curies":[{"name":"wp","href":"https:\/\/api.w.org\/{rel}","templated":true}]}}