{"id":730,"date":"2023-11-22T16:43:00","date_gmt":"2023-11-22T16:43:00","guid":{"rendered":"http:\/\/academiacienciasveterinariascyl.com\/noticias\/?p=730"},"modified":"2023-12-11T16:56:30","modified_gmt":"2023-12-11T16:56:30","slug":"el-aceite-de-palma-un-alimento-maldito-cuanto-de-riesgo-sanitario-y-cuanto-de-guerra-comercial","status":"publish","type":"post","link":"https:\/\/academiacienciasveterinariascyl.com\/noticias\/el-aceite-de-palma-un-alimento-maldito-cuanto-de-riesgo-sanitario-y-cuanto-de-guerra-comercial\/","title":{"rendered":"\u201cEl aceite de palma, un alimento maldito: \u00bfCu\u00e1nto de riesgo sanitario y cu\u00e1nto de guerra comercial?\u201d"},"content":{"rendered":"\n<p>VER VIDEO<\/p>\n\n\n\n<p>Conferencia pronunciada por el Acad\u00e9mico de N\u00famero Dr. D. Francisco Javier Carballo Garc\u00eda, titulada: <\/p>\n\n\n\n<p>\u201cEl aceite de palma, un alimento maldito: \u00bfCu\u00e1nto de riesgo sanitario y cu\u00e1nto de guerra comercial?\u201d<\/p>\n\n\n\n<figure class=\"wp-block-embed is-type-video is-provider-youtube wp-block-embed-youtube wp-embed-aspect-16-9 wp-has-aspect-ratio\"><div class=\"wp-block-embed__wrapper\">\n<iframe loading=\"lazy\" title=\"El aceite de palma, un alimento maldito: \u00bfCu\u00e1nto de riesgo sanitario y cu\u00e1nto de guerra comercial?\" width=\"770\" height=\"433\" src=\"https:\/\/www.youtube.com\/embed\/K1jKvFVViFg?feature=oembed\" frameborder=\"0\" allow=\"accelerometer; autoplay; clipboard-write; encrypted-media; gyroscope; picture-in-picture; web-share\" allowfullscreen><\/iframe>\n<\/div><\/figure>\n\n\n\n<p><\/p>\n\n\n\n<p> 22 de noviembre de 2023 Academia de Ciencias Veterinarias de Castilla y Le\u00f3n. Paraninfo Gord\u00f3n Ord\u00e1s del Edificio \u201cEl Albeitar\u201d, de la Universidad de Le\u00f3n<\/p>\n\n\n\n<figure class=\"wp-block-image size-large\"><img loading=\"lazy\" decoding=\"async\" width=\"1024\" height=\"683\" src=\"https:\/\/academiacienciasveterinariascyl.com\/noticias\/wp-content\/uploads\/2023\/12\/El-aceite-de-palma-un-alimento-maldito-1024x683.jpg\" alt=\"\" class=\"wp-image-732\" srcset=\"https:\/\/academiacienciasveterinariascyl.com\/noticias\/wp-content\/uploads\/2023\/12\/El-aceite-de-palma-un-alimento-maldito-1024x683.jpg 1024w, https:\/\/academiacienciasveterinariascyl.com\/noticias\/wp-content\/uploads\/2023\/12\/El-aceite-de-palma-un-alimento-maldito-300x200.jpg 300w, https:\/\/academiacienciasveterinariascyl.com\/noticias\/wp-content\/uploads\/2023\/12\/El-aceite-de-palma-un-alimento-maldito-768x512.jpg 768w, https:\/\/academiacienciasveterinariascyl.com\/noticias\/wp-content\/uploads\/2023\/12\/El-aceite-de-palma-un-alimento-maldito.jpg 1088w\" sizes=\"(max-width: 1024px) 100vw, 1024px\" \/><\/figure>\n\n\n\n<p><\/p>\n","protected":false},"excerpt":{"rendered":"<p>VER VIDEO Conferencia pronunciada por el Acad\u00e9mico de N\u00famero Dr. D. Francisco Javier Carballo Garc\u00eda, titulada: \u201cEl aceite de palma, un alimento maldito: \u00bfCu\u00e1nto de&hellip;<\/p>\n","protected":false},"author":1,"featured_media":731,"comment_status":"open","ping_status":"open","sticky":false,"template":"","format":"standard","meta":{"footnotes":""},"categories":[1],"tags":[],"_links":{"self":[{"href":"https:\/\/academiacienciasveterinariascyl.com\/noticias\/wp-json\/wp\/v2\/posts\/730"}],"collection":[{"href":"https:\/\/academiacienciasveterinariascyl.com\/noticias\/wp-json\/wp\/v2\/posts"}],"about":[{"href":"https:\/\/academiacienciasveterinariascyl.com\/noticias\/wp-json\/wp\/v2\/types\/post"}],"author":[{"embeddable":true,"href":"https:\/\/academiacienciasveterinariascyl.com\/noticias\/wp-json\/wp\/v2\/users\/1"}],"replies":[{"embeddable":true,"href":"https:\/\/academiacienciasveterinariascyl.com\/noticias\/wp-json\/wp\/v2\/comments?post=730"}],"version-history":[{"count":2,"href":"https:\/\/academiacienciasveterinariascyl.com\/noticias\/wp-json\/wp\/v2\/posts\/730\/revisions"}],"predecessor-version":[{"id":734,"href":"https:\/\/academiacienciasveterinariascyl.com\/noticias\/wp-json\/wp\/v2\/posts\/730\/revisions\/734"}],"wp:featuredmedia":[{"embeddable":true,"href":"https:\/\/academiacienciasveterinariascyl.com\/noticias\/wp-json\/wp\/v2\/media\/731"}],"wp:attachment":[{"href":"https:\/\/academiacienciasveterinariascyl.com\/noticias\/wp-json\/wp\/v2\/media?parent=730"}],"wp:term":[{"taxonomy":"category","embeddable":true,"href":"https:\/\/academiacienciasveterinariascyl.com\/noticias\/wp-json\/wp\/v2\/categories?post=730"},{"taxonomy":"post_tag","embeddable":true,"href":"https:\/\/academiacienciasveterinariascyl.com\/noticias\/wp-json\/wp\/v2\/tags?post=730"}],"curies":[{"name":"wp","href":"https:\/\/api.w.org\/{rel}","templated":true}]}}