{"id":723,"date":"2023-09-27T23:15:00","date_gmt":"2023-09-27T23:15:00","guid":{"rendered":"http:\/\/academiacienciasveterinariascyl.com\/noticias\/?p=723"},"modified":"2023-10-17T11:30:07","modified_gmt":"2023-10-17T11:30:07","slug":"toma-de-posesion-del-academico-de-numerodr-d-jose-manuel-gonzalo-orden","status":"publish","type":"post","link":"https:\/\/academiacienciasveterinariascyl.com\/noticias\/toma-de-posesion-del-academico-de-numerodr-d-jose-manuel-gonzalo-orden\/","title":{"rendered":"Toma de Posesi\u00f3n del Acad\u00e9mico de N\u00famero,<br>Dr. D. Jos\u00e9 Manuel Gonzalo \u00d3rden"},"content":{"rendered":"\n<p><\/p>\n\n\n\n<p>VER V\u00cdDEO<\/p>\n\n\n\n<figure class=\"wp-block-embed is-type-video is-provider-youtube wp-block-embed-youtube wp-embed-aspect-16-9 wp-has-aspect-ratio\"><div class=\"wp-block-embed__wrapper\">\n<iframe loading=\"lazy\" title=\"\u00bfRobots cirujanos? Dr. D. Jos\u00e9 Manuel Gonzalo \u00d3rden\" width=\"770\" height=\"433\" src=\"https:\/\/www.youtube.com\/embed\/tctNMlYPQYE?feature=oembed\" frameborder=\"0\" allow=\"accelerometer; autoplay; clipboard-write; encrypted-media; gyroscope; picture-in-picture; web-share\" allowfullscreen><\/iframe>\n<\/div><\/figure>\n\n\n\n<p class=\"has-text-align-center\"><br>Quien pronunci\u00f3 la conferencia titulada:<br><strong>\u201c\u00bfRobots cirujanos?\u201d<\/strong><\/p>\n\n\n\n<p><\/p>\n\n\n\n<figure class=\"wp-block-image size-large\"><img loading=\"lazy\" decoding=\"async\" width=\"1024\" height=\"683\" src=\"https:\/\/academiacienciasveterinariascyl.com\/noticias\/wp-content\/uploads\/2023\/10\/academico-de-numero-academia-ciencias-veterianarias-de-castilla-y-leon-manuel-gonzalo-orden-1024x683.jpg\" alt=\"\" class=\"wp-image-726\" srcset=\"https:\/\/academiacienciasveterinariascyl.com\/noticias\/wp-content\/uploads\/2023\/10\/academico-de-numero-academia-ciencias-veterianarias-de-castilla-y-leon-manuel-gonzalo-orden-1024x683.jpg 1024w, https:\/\/academiacienciasveterinariascyl.com\/noticias\/wp-content\/uploads\/2023\/10\/academico-de-numero-academia-ciencias-veterianarias-de-castilla-y-leon-manuel-gonzalo-orden-300x200.jpg 300w, https:\/\/academiacienciasveterinariascyl.com\/noticias\/wp-content\/uploads\/2023\/10\/academico-de-numero-academia-ciencias-veterianarias-de-castilla-y-leon-manuel-gonzalo-orden-768x512.jpg 768w, https:\/\/academiacienciasveterinariascyl.com\/noticias\/wp-content\/uploads\/2023\/10\/academico-de-numero-academia-ciencias-veterianarias-de-castilla-y-leon-manuel-gonzalo-orden.jpg 1088w\" sizes=\"(max-width: 1024px) 100vw, 1024px\" \/><\/figure>\n\n\n\n<p class=\"has-text-align-center\"><br>En nombre de la Academia, la presentaci\u00f3n corresponde al Acad\u00e9mico de N\u00famero y Fundador,<br>Excmo. Sr. Dr. D. Francisco Antonio Rojo V\u00e1zquez<\/p>\n\n\n\n<figure class=\"wp-block-image size-large\"><img loading=\"lazy\" decoding=\"async\" width=\"1024\" height=\"683\" src=\"https:\/\/academiacienciasveterinariascyl.com\/noticias\/wp-content\/uploads\/2023\/10\/profesor-Francisco-Rojo-Vazquez-1024x683.jpg\" alt=\"\" class=\"wp-image-725\" srcset=\"https:\/\/academiacienciasveterinariascyl.com\/noticias\/wp-content\/uploads\/2023\/10\/profesor-Francisco-Rojo-Vazquez-1024x683.jpg 1024w, https:\/\/academiacienciasveterinariascyl.com\/noticias\/wp-content\/uploads\/2023\/10\/profesor-Francisco-Rojo-Vazquez-300x200.jpg 300w, https:\/\/academiacienciasveterinariascyl.com\/noticias\/wp-content\/uploads\/2023\/10\/profesor-Francisco-Rojo-Vazquez-768x512.jpg 768w, https:\/\/academiacienciasveterinariascyl.com\/noticias\/wp-content\/uploads\/2023\/10\/profesor-Francisco-Rojo-Vazquez.jpg 1088w\" sizes=\"(max-width: 1024px) 100vw, 1024px\" \/><\/figure>\n\n\n\n<p>Acto Solemne de Toma de Posesi\u00f3n del Acad\u00e9mico de N\u00famero,<br>Dr. D. Jos\u00e9 Manuel Gonzalo \u00d3rden<br>27 de septiembre de 2023 Paraninfo Gord\u00f3n Ord\u00e1s del Edificio \u2018El Albeitar\u2019, de la Universidad de Le\u00f3n<\/p>\n","protected":false},"excerpt":{"rendered":"<p>VER V\u00cdDEO Quien pronunci\u00f3 la conferencia titulada:\u201c\u00bfRobots cirujanos?\u201d En nombre de la Academia, la presentaci\u00f3n corresponde al Acad\u00e9mico de N\u00famero y Fundador,Excmo. Sr. Dr. D.&hellip;<\/p>\n","protected":false},"author":1,"featured_media":727,"comment_status":"open","ping_status":"open","sticky":false,"template":"","format":"standard","meta":{"footnotes":""},"categories":[1],"tags":[],"_links":{"self":[{"href":"https:\/\/academiacienciasveterinariascyl.com\/noticias\/wp-json\/wp\/v2\/posts\/723"}],"collection":[{"href":"https:\/\/academiacienciasveterinariascyl.com\/noticias\/wp-json\/wp\/v2\/posts"}],"about":[{"href":"https:\/\/academiacienciasveterinariascyl.com\/noticias\/wp-json\/wp\/v2\/types\/post"}],"author":[{"embeddable":true,"href":"https:\/\/academiacienciasveterinariascyl.com\/noticias\/wp-json\/wp\/v2\/users\/1"}],"replies":[{"embeddable":true,"href":"https:\/\/academiacienciasveterinariascyl.com\/noticias\/wp-json\/wp\/v2\/comments?post=723"}],"version-history":[{"count":1,"href":"https:\/\/academiacienciasveterinariascyl.com\/noticias\/wp-json\/wp\/v2\/posts\/723\/revisions"}],"predecessor-version":[{"id":728,"href":"https:\/\/academiacienciasveterinariascyl.com\/noticias\/wp-json\/wp\/v2\/posts\/723\/revisions\/728"}],"wp:featuredmedia":[{"embeddable":true,"href":"https:\/\/academiacienciasveterinariascyl.com\/noticias\/wp-json\/wp\/v2\/media\/727"}],"wp:attachment":[{"href":"https:\/\/academiacienciasveterinariascyl.com\/noticias\/wp-json\/wp\/v2\/media?parent=723"}],"wp:term":[{"taxonomy":"category","embeddable":true,"href":"https:\/\/academiacienciasveterinariascyl.com\/noticias\/wp-json\/wp\/v2\/categories?post=723"},{"taxonomy":"post_tag","embeddable":true,"href":"https:\/\/academiacienciasveterinariascyl.com\/noticias\/wp-json\/wp\/v2\/tags?post=723"}],"curies":[{"name":"wp","href":"https:\/\/api.w.org\/{rel}","templated":true}]}}