{"id":700,"date":"2023-06-15T07:05:05","date_gmt":"2023-06-15T07:05:05","guid":{"rendered":"http:\/\/academiacienciasveterinariascyl.com\/noticias\/?p=700"},"modified":"2023-06-15T07:05:05","modified_gmt":"2023-06-15T07:05:05","slug":"toma-de-posesion-del-academico-correspondiente-dr-d-julio-lopez-aban","status":"publish","type":"post","link":"https:\/\/academiacienciasveterinariascyl.com\/noticias\/toma-de-posesion-del-academico-correspondiente-dr-d-julio-lopez-aban\/","title":{"rendered":"Toma de Posesi\u00f3n del Acad\u00e9mico Correspondiente, Dr. D. Julio L\u00f3pez Ab\u00e1n"},"content":{"rendered":"\n<p><a href=\"https:\/\/youtu.be\/bVTcpNmS1DI\" target=\"_blank\" rel=\"noreferrer noopener\">VER V\u00cdDEO<\/a><\/p>\n\n\n\n<p><\/p>\n\n\n\n<figure class=\"wp-block-embed is-type-video is-provider-youtube wp-block-embed-youtube wp-embed-aspect-16-9 wp-has-aspect-ratio\"><div class=\"wp-block-embed__wrapper\">\n<iframe loading=\"lazy\" title=\"Toma de Posesi\u00f3n del Acad\u00e9mico Correspondiente, Dr. D. Julio L\u00f3pez Ab\u00e1n\" width=\"770\" height=\"433\" src=\"https:\/\/www.youtube.com\/embed\/bVTcpNmS1DI?feature=oembed\" frameborder=\"0\" allow=\"accelerometer; autoplay; clipboard-write; encrypted-media; gyroscope; picture-in-picture; web-share\" allowfullscreen><\/iframe>\n<\/div><\/figure>\n\n\n\n<p>Toma de Posesi\u00f3n del Acad\u00e9mico Correspondiente, Dr. D. Julio L\u00f3pez Ab\u00e1n Quien pronunci\u00f3 la conferencia titulada: \u201cInteligencia artificial para el desarrollo de vacunas\u201d <\/p>\n\n\n\n<figure class=\"wp-block-image size-large\"><img loading=\"lazy\" decoding=\"async\" width=\"1024\" height=\"683\" src=\"https:\/\/academiacienciasveterinariascyl.com\/noticias\/wp-content\/uploads\/2023\/06\/paco-rojo-academia-ciencias-veterinarias-castilla-y-leon-1024x683.jpg\" alt=\"\" class=\"wp-image-701\" srcset=\"https:\/\/academiacienciasveterinariascyl.com\/noticias\/wp-content\/uploads\/2023\/06\/paco-rojo-academia-ciencias-veterinarias-castilla-y-leon-1024x683.jpg 1024w, https:\/\/academiacienciasveterinariascyl.com\/noticias\/wp-content\/uploads\/2023\/06\/paco-rojo-academia-ciencias-veterinarias-castilla-y-leon-300x200.jpg 300w, https:\/\/academiacienciasveterinariascyl.com\/noticias\/wp-content\/uploads\/2023\/06\/paco-rojo-academia-ciencias-veterinarias-castilla-y-leon-768x512.jpg 768w, https:\/\/academiacienciasveterinariascyl.com\/noticias\/wp-content\/uploads\/2023\/06\/paco-rojo-academia-ciencias-veterinarias-castilla-y-leon.jpg 1088w\" sizes=\"(max-width: 1024px) 100vw, 1024px\" \/><\/figure>\n\n\n\n<p>En nombre de la Academia, la presentaci\u00f3n corresponde al Acad\u00e9mico de N\u00famero y Fundador, Excmo. Sr. Dr. D. Francisco Rojo V\u00e1zquez <\/p>\n\n\n\n<figure class=\"wp-block-image size-large\"><img loading=\"lazy\" decoding=\"async\" width=\"1024\" height=\"683\" src=\"https:\/\/academiacienciasveterinariascyl.com\/noticias\/wp-content\/uploads\/2023\/06\/Julio-Lopez-Aban-toma-de-posesion-academia-diploma-1024x683.jpg\" alt=\"\" class=\"wp-image-702\" srcset=\"https:\/\/academiacienciasveterinariascyl.com\/noticias\/wp-content\/uploads\/2023\/06\/Julio-Lopez-Aban-toma-de-posesion-academia-diploma-1024x683.jpg 1024w, https:\/\/academiacienciasveterinariascyl.com\/noticias\/wp-content\/uploads\/2023\/06\/Julio-Lopez-Aban-toma-de-posesion-academia-diploma-300x200.jpg 300w, https:\/\/academiacienciasveterinariascyl.com\/noticias\/wp-content\/uploads\/2023\/06\/Julio-Lopez-Aban-toma-de-posesion-academia-diploma-768x512.jpg 768w, https:\/\/academiacienciasveterinariascyl.com\/noticias\/wp-content\/uploads\/2023\/06\/Julio-Lopez-Aban-toma-de-posesion-academia-diploma.jpg 1088w\" sizes=\"(max-width: 1024px) 100vw, 1024px\" \/><\/figure>\n\n\n\n<p>7 de junio de 2023, Paraninfo Gord\u00f3n Ord\u00e1s del Edificio \u2018El Albeitar\u2019, de la Universidad de Le\u00f3n.<\/p>\n","protected":false},"excerpt":{"rendered":"<p>VER V\u00cdDEO Toma de Posesi\u00f3n del Acad\u00e9mico Correspondiente, Dr. D. Julio L\u00f3pez Ab\u00e1n Quien pronunci\u00f3 la conferencia titulada: \u201cInteligencia artificial para el desarrollo de vacunas\u201d&hellip;<\/p>\n","protected":false},"author":1,"featured_media":703,"comment_status":"open","ping_status":"open","sticky":false,"template":"","format":"standard","meta":{"footnotes":""},"categories":[1],"tags":[],"_links":{"self":[{"href":"https:\/\/academiacienciasveterinariascyl.com\/noticias\/wp-json\/wp\/v2\/posts\/700"}],"collection":[{"href":"https:\/\/academiacienciasveterinariascyl.com\/noticias\/wp-json\/wp\/v2\/posts"}],"about":[{"href":"https:\/\/academiacienciasveterinariascyl.com\/noticias\/wp-json\/wp\/v2\/types\/post"}],"author":[{"embeddable":true,"href":"https:\/\/academiacienciasveterinariascyl.com\/noticias\/wp-json\/wp\/v2\/users\/1"}],"replies":[{"embeddable":true,"href":"https:\/\/academiacienciasveterinariascyl.com\/noticias\/wp-json\/wp\/v2\/comments?post=700"}],"version-history":[{"count":1,"href":"https:\/\/academiacienciasveterinariascyl.com\/noticias\/wp-json\/wp\/v2\/posts\/700\/revisions"}],"predecessor-version":[{"id":704,"href":"https:\/\/academiacienciasveterinariascyl.com\/noticias\/wp-json\/wp\/v2\/posts\/700\/revisions\/704"}],"wp:featuredmedia":[{"embeddable":true,"href":"https:\/\/academiacienciasveterinariascyl.com\/noticias\/wp-json\/wp\/v2\/media\/703"}],"wp:attachment":[{"href":"https:\/\/academiacienciasveterinariascyl.com\/noticias\/wp-json\/wp\/v2\/media?parent=700"}],"wp:term":[{"taxonomy":"category","embeddable":true,"href":"https:\/\/academiacienciasveterinariascyl.com\/noticias\/wp-json\/wp\/v2\/categories?post=700"},{"taxonomy":"post_tag","embeddable":true,"href":"https:\/\/academiacienciasveterinariascyl.com\/noticias\/wp-json\/wp\/v2\/tags?post=700"}],"curies":[{"name":"wp","href":"https:\/\/api.w.org\/{rel}","templated":true}]}}