{"id":688,"date":"2023-06-07T07:31:19","date_gmt":"2023-06-07T07:31:19","guid":{"rendered":"http:\/\/academiacienciasveterinariascyl.com\/noticias\/?p=688"},"modified":"2023-06-15T07:09:35","modified_gmt":"2023-06-15T07:09:35","slug":"conferencia-del-academico-de-numero-dr-d-estanislao-de-luis-calabuig","status":"publish","type":"post","link":"https:\/\/academiacienciasveterinariascyl.com\/noticias\/conferencia-del-academico-de-numero-dr-d-estanislao-de-luis-calabuig\/","title":{"rendered":"Conferencia del Acad\u00e9mico de N\u00famero Dr. D. Estanislao de Luis Calabuig"},"content":{"rendered":"\n<p><a href=\"https:\/\/youtu.be\/vzfFmO755VI\" target=\"_blank\" rel=\"noreferrer noopener\">VER V\u00cdDEO<\/a><\/p>\n\n\n\n<p><\/p>\n\n\n\n<p>Conferencia que pronunci\u00f3 el Acad\u00e9mico de N\u00famero Dr. D. Estanislao de Luis Calabuig, titulada: <strong>\u201cImplicaciones ecol\u00f3gicas de la pandemia COVID\u201019\u201c<\/strong> <\/p>\n\n\n\n<p>31 de mayo de 2023, Paraninfo Gord\u00f3n Ord\u00e1s del Edificio \u201cEl Albeitar\u201d, de la Universidad de Le\u00f3n<\/p>\n\n\n\n<figure class=\"wp-block-embed is-type-video is-provider-youtube wp-block-embed-youtube wp-embed-aspect-16-9 wp-has-aspect-ratio\"><div class=\"wp-block-embed__wrapper\">\n<iframe loading=\"lazy\" title=\"Conferencia del Acad\u00e9mico de N\u00famero Dr. D. Estanislao de Luis Calabuig.\" width=\"770\" height=\"433\" src=\"https:\/\/www.youtube.com\/embed\/vzfFmO755VI?feature=oembed\" frameborder=\"0\" allow=\"accelerometer; autoplay; clipboard-write; encrypted-media; gyroscope; picture-in-picture; web-share\" allowfullscreen><\/iframe>\n<\/div><\/figure>\n\n\n\n<figure class=\"wp-block-image size-large\"><img loading=\"lazy\" decoding=\"async\" width=\"1024\" height=\"683\" src=\"https:\/\/academiacienciasveterinariascyl.com\/noticias\/wp-content\/uploads\/2023\/06\/estanislao-de-luis-calabuig-1024x683.jpg\" alt=\"\" class=\"wp-image-689\" srcset=\"https:\/\/academiacienciasveterinariascyl.com\/noticias\/wp-content\/uploads\/2023\/06\/estanislao-de-luis-calabuig-1024x683.jpg 1024w, https:\/\/academiacienciasveterinariascyl.com\/noticias\/wp-content\/uploads\/2023\/06\/estanislao-de-luis-calabuig-300x200.jpg 300w, https:\/\/academiacienciasveterinariascyl.com\/noticias\/wp-content\/uploads\/2023\/06\/estanislao-de-luis-calabuig-768x512.jpg 768w, https:\/\/academiacienciasveterinariascyl.com\/noticias\/wp-content\/uploads\/2023\/06\/estanislao-de-luis-calabuig.jpg 1088w\" sizes=\"(max-width: 1024px) 100vw, 1024px\" \/><\/figure>\n","protected":false},"excerpt":{"rendered":"<p>VER V\u00cdDEO Conferencia que pronunci\u00f3 el Acad\u00e9mico de N\u00famero Dr. D. Estanislao de Luis Calabuig, titulada: \u201cImplicaciones ecol\u00f3gicas de la pandemia COVID\u201019\u201c 31 de mayo&hellip;<\/p>\n","protected":false},"author":1,"featured_media":690,"comment_status":"open","ping_status":"open","sticky":false,"template":"","format":"standard","meta":{"footnotes":""},"categories":[1],"tags":[],"_links":{"self":[{"href":"https:\/\/academiacienciasveterinariascyl.com\/noticias\/wp-json\/wp\/v2\/posts\/688"}],"collection":[{"href":"https:\/\/academiacienciasveterinariascyl.com\/noticias\/wp-json\/wp\/v2\/posts"}],"about":[{"href":"https:\/\/academiacienciasveterinariascyl.com\/noticias\/wp-json\/wp\/v2\/types\/post"}],"author":[{"embeddable":true,"href":"https:\/\/academiacienciasveterinariascyl.com\/noticias\/wp-json\/wp\/v2\/users\/1"}],"replies":[{"embeddable":true,"href":"https:\/\/academiacienciasveterinariascyl.com\/noticias\/wp-json\/wp\/v2\/comments?post=688"}],"version-history":[{"count":2,"href":"https:\/\/academiacienciasveterinariascyl.com\/noticias\/wp-json\/wp\/v2\/posts\/688\/revisions"}],"predecessor-version":[{"id":706,"href":"https:\/\/academiacienciasveterinariascyl.com\/noticias\/wp-json\/wp\/v2\/posts\/688\/revisions\/706"}],"wp:featuredmedia":[{"embeddable":true,"href":"https:\/\/academiacienciasveterinariascyl.com\/noticias\/wp-json\/wp\/v2\/media\/690"}],"wp:attachment":[{"href":"https:\/\/academiacienciasveterinariascyl.com\/noticias\/wp-json\/wp\/v2\/media?parent=688"}],"wp:term":[{"taxonomy":"category","embeddable":true,"href":"https:\/\/academiacienciasveterinariascyl.com\/noticias\/wp-json\/wp\/v2\/categories?post=688"},{"taxonomy":"post_tag","embeddable":true,"href":"https:\/\/academiacienciasveterinariascyl.com\/noticias\/wp-json\/wp\/v2\/tags?post=688"}],"curies":[{"name":"wp","href":"https:\/\/api.w.org\/{rel}","templated":true}]}}