{"id":682,"date":"2023-05-24T10:31:03","date_gmt":"2023-05-24T10:31:03","guid":{"rendered":"http:\/\/academiacienciasveterinariascyl.com\/noticias\/?p=682"},"modified":"2023-06-15T07:10:23","modified_gmt":"2023-06-15T07:10:23","slug":"conferencia-bienestar-animal-de-las-vacas-a-las-bacterias-pasando-por-los-famosos","status":"publish","type":"post","link":"https:\/\/academiacienciasveterinariascyl.com\/noticias\/conferencia-bienestar-animal-de-las-vacas-a-las-bacterias-pasando-por-los-famosos\/","title":{"rendered":"Conferencia \u201cBienestar animal: de las vacas a las bacterias, pasando por los famosos.\u201d"},"content":{"rendered":"\n<p><a rel=\"noreferrer noopener\" href=\"https:\/\/youtu.be\/SlEZHTbx5c4\" target=\"_blank\">VER V\u00cdDEO<\/a><\/p>\n\n\n\n<p>Academia de Ciencias Veterinarias de Castilla y Le\u00f3n Conferencia que pronunci\u00f3 el Acad\u00e9mico de N\u00famero Dr. D. C\u00e9sar \u00c1ngel Chamorro \u00c1lvarez, titulada: \u201cBienestar animal: de las vacas a las bacterias, pasando por los famosos.\u201d 10 de mayo de 2023 Paraninfo Gord\u00f3n Ord\u00e1s del Edificio \u201cEl Albeitar\u201d, de la Universidad de Le\u00f3n<\/p>\n\n\n\n<figure class=\"wp-block-embed is-type-video is-provider-youtube wp-block-embed-youtube wp-embed-aspect-16-9 wp-has-aspect-ratio\"><div class=\"wp-block-embed__wrapper\">\n<iframe loading=\"lazy\" title=\"C\u00e9sar \u00c1ngel Chamorro:  \u201cBienestar animal: de las vacas a las bacterias, pasando por los famosos.\u201d\" width=\"770\" height=\"433\" src=\"https:\/\/www.youtube.com\/embed\/SlEZHTbx5c4?feature=oembed\" frameborder=\"0\" allow=\"accelerometer; autoplay; clipboard-write; encrypted-media; gyroscope; picture-in-picture; web-share\" allowfullscreen><\/iframe>\n<\/div><\/figure>\n\n\n\n<figure class=\"wp-block-image size-full\"><img loading=\"lazy\" decoding=\"async\" width=\"2560\" height=\"1707\" src=\"https:\/\/academiacienciasveterinariascyl.com\/noticias\/wp-content\/uploads\/2023\/05\/IMG_8382-1-scaled.jpg\" alt=\"\" class=\"wp-image-684\" srcset=\"https:\/\/academiacienciasveterinariascyl.com\/noticias\/wp-content\/uploads\/2023\/05\/IMG_8382-1-scaled.jpg 2560w, https:\/\/academiacienciasveterinariascyl.com\/noticias\/wp-content\/uploads\/2023\/05\/IMG_8382-1-300x200.jpg 300w\" sizes=\"(max-width: 2560px) 100vw, 2560px\" \/><\/figure>\n","protected":false},"excerpt":{"rendered":"<p>VER V\u00cdDEO Academia de Ciencias Veterinarias de Castilla y Le\u00f3n Conferencia que pronunci\u00f3 el Acad\u00e9mico de N\u00famero Dr. D. C\u00e9sar \u00c1ngel Chamorro \u00c1lvarez, titulada: \u201cBienestar&hellip;<\/p>\n","protected":false},"author":1,"featured_media":686,"comment_status":"open","ping_status":"open","sticky":false,"template":"","format":"standard","meta":{"footnotes":""},"categories":[1],"tags":[],"_links":{"self":[{"href":"https:\/\/academiacienciasveterinariascyl.com\/noticias\/wp-json\/wp\/v2\/posts\/682"}],"collection":[{"href":"https:\/\/academiacienciasveterinariascyl.com\/noticias\/wp-json\/wp\/v2\/posts"}],"about":[{"href":"https:\/\/academiacienciasveterinariascyl.com\/noticias\/wp-json\/wp\/v2\/types\/post"}],"author":[{"embeddable":true,"href":"https:\/\/academiacienciasveterinariascyl.com\/noticias\/wp-json\/wp\/v2\/users\/1"}],"replies":[{"embeddable":true,"href":"https:\/\/academiacienciasveterinariascyl.com\/noticias\/wp-json\/wp\/v2\/comments?post=682"}],"version-history":[{"count":4,"href":"https:\/\/academiacienciasveterinariascyl.com\/noticias\/wp-json\/wp\/v2\/posts\/682\/revisions"}],"predecessor-version":[{"id":707,"href":"https:\/\/academiacienciasveterinariascyl.com\/noticias\/wp-json\/wp\/v2\/posts\/682\/revisions\/707"}],"wp:featuredmedia":[{"embeddable":true,"href":"https:\/\/academiacienciasveterinariascyl.com\/noticias\/wp-json\/wp\/v2\/media\/686"}],"wp:attachment":[{"href":"https:\/\/academiacienciasveterinariascyl.com\/noticias\/wp-json\/wp\/v2\/media?parent=682"}],"wp:term":[{"taxonomy":"category","embeddable":true,"href":"https:\/\/academiacienciasveterinariascyl.com\/noticias\/wp-json\/wp\/v2\/categories?post=682"},{"taxonomy":"post_tag","embeddable":true,"href":"https:\/\/academiacienciasveterinariascyl.com\/noticias\/wp-json\/wp\/v2\/tags?post=682"}],"curies":[{"name":"wp","href":"https:\/\/api.w.org\/{rel}","templated":true}]}}