{"id":663,"date":"2023-03-28T17:44:45","date_gmt":"2023-03-28T17:44:45","guid":{"rendered":"http:\/\/academiacienciasveterinariascyl.com\/noticias\/?p=663"},"modified":"2023-06-15T07:11:43","modified_gmt":"2023-06-15T07:11:43","slug":"sesion-necrologica-in-memoriam-por-el-prof-d-miguel-cordero-del-campillo","status":"publish","type":"post","link":"https:\/\/academiacienciasveterinariascyl.com\/noticias\/sesion-necrologica-in-memoriam-por-el-prof-d-miguel-cordero-del-campillo\/","title":{"rendered":"Sesi\u00f3n necrol\u00f3gica in memoriam por el Prof. D. Miguel Cordero del Campillo"},"content":{"rendered":"\n<p><strong><a href=\"https:\/\/youtu.be\/jUiylSF5MVo\" target=\"_blank\" rel=\"noreferrer noopener\">VER V\u00cdDEO<\/a><\/strong><\/p>\n\n\n\n<p>Prof. D. Miguel Cordero del Campillo, Acad\u00e9mico de Honor, que fue, de esta Instituci\u00f3n. El acto tuvo lugar el 22 de marzo de 2023 en el Paraninfo Gord\u00f3n Ord\u00e1s, en el Edificio \u201cEl Alb\u00e9itar\u201d. <\/p>\n\n\n\n<figure class=\"wp-block-embed is-type-video is-provider-youtube wp-block-embed-youtube wp-embed-aspect-16-9 wp-has-aspect-ratio\"><div class=\"wp-block-embed__wrapper\">\n<iframe loading=\"lazy\" title=\"Sesi\u00f3n Necrol\u00f3gica in Memoriam por el Prof. D. Miguel Cordero del Campillo.\" width=\"770\" height=\"433\" src=\"https:\/\/www.youtube.com\/embed\/jUiylSF5MVo?feature=oembed\" frameborder=\"0\" allow=\"accelerometer; autoplay; clipboard-write; encrypted-media; gyroscope; picture-in-picture; web-share\" allowfullscreen><\/iframe>\n<\/div><\/figure>\n\n\n\n<figure class=\"wp-block-image size-large\"><img loading=\"lazy\" decoding=\"async\" width=\"1024\" height=\"683\" src=\"https:\/\/academiacienciasveterinariascyl.com\/noticias\/wp-content\/uploads\/2023\/03\/obituario-miguel-cordero-del-campillo-1024x683.jpg\" alt=\"\" class=\"wp-image-667\" srcset=\"https:\/\/academiacienciasveterinariascyl.com\/noticias\/wp-content\/uploads\/2023\/03\/obituario-miguel-cordero-del-campillo-1024x683.jpg 1024w, https:\/\/academiacienciasveterinariascyl.com\/noticias\/wp-content\/uploads\/2023\/03\/obituario-miguel-cordero-del-campillo-300x200.jpg 300w, https:\/\/academiacienciasveterinariascyl.com\/noticias\/wp-content\/uploads\/2023\/03\/obituario-miguel-cordero-del-campillo-768x512.jpg 768w, https:\/\/academiacienciasveterinariascyl.com\/noticias\/wp-content\/uploads\/2023\/03\/obituario-miguel-cordero-del-campillo.jpg 1088w\" sizes=\"(max-width: 1024px) 100vw, 1024px\" \/><\/figure>\n\n\n\n<p><strong>Intervinieron: <\/strong><\/p>\n\n\n\n<p><strong>Prof. D. Antonio R. Mart\u00ednez Fern\u00e1ndez<\/strong>, Catedr\u00e1tico Em\u00e9rito de la Universidad Complutense. Acad\u00e9mico de N\u00famero y Fundador de AVETCyL. <\/p>\n\n\n\n<p><\/p>\n\n\n\n<figure class=\"wp-block-image size-large\"><img loading=\"lazy\" decoding=\"async\" width=\"1024\" height=\"683\" src=\"https:\/\/academiacienciasveterinariascyl.com\/noticias\/wp-content\/uploads\/2023\/03\/profesor-Francisco-Rojo-Vazquez-1024x683.jpg\" alt=\"\" class=\"wp-image-664\" srcset=\"https:\/\/academiacienciasveterinariascyl.com\/noticias\/wp-content\/uploads\/2023\/03\/profesor-Francisco-Rojo-Vazquez-1024x683.jpg 1024w, https:\/\/academiacienciasveterinariascyl.com\/noticias\/wp-content\/uploads\/2023\/03\/profesor-Francisco-Rojo-Vazquez-300x200.jpg 300w, https:\/\/academiacienciasveterinariascyl.com\/noticias\/wp-content\/uploads\/2023\/03\/profesor-Francisco-Rojo-Vazquez-768x512.jpg 768w, https:\/\/academiacienciasveterinariascyl.com\/noticias\/wp-content\/uploads\/2023\/03\/profesor-Francisco-Rojo-Vazquez.jpg 1088w\" sizes=\"(max-width: 1024px) 100vw, 1024px\" \/><\/figure>\n\n\n\n<p><strong> <strong>Prof. D. Francisco A. Rojo V\u00e1zquez,<\/strong> <\/strong>Catedr\u00e1tico Em\u00e9rito de la Universidad de Le\u00f3n. Acad\u00e9mico de N\u00famero y Fundador de AVETCyL. Secretario de la Instituci\u00f3n.<\/p>\n\n\n\n<figure class=\"wp-block-image size-large\"><img loading=\"lazy\" decoding=\"async\" width=\"1024\" height=\"683\" src=\"https:\/\/academiacienciasveterinariascyl.com\/noticias\/wp-content\/uploads\/2023\/03\/Profesor-Pablo-Diez-Banos-1024x683.jpg\" alt=\"\" class=\"wp-image-665\" srcset=\"https:\/\/academiacienciasveterinariascyl.com\/noticias\/wp-content\/uploads\/2023\/03\/Profesor-Pablo-Diez-Banos-1024x683.jpg 1024w, https:\/\/academiacienciasveterinariascyl.com\/noticias\/wp-content\/uploads\/2023\/03\/Profesor-Pablo-Diez-Banos-300x200.jpg 300w, https:\/\/academiacienciasveterinariascyl.com\/noticias\/wp-content\/uploads\/2023\/03\/Profesor-Pablo-Diez-Banos-768x512.jpg 768w, https:\/\/academiacienciasveterinariascyl.com\/noticias\/wp-content\/uploads\/2023\/03\/Profesor-Pablo-Diez-Banos.jpg 1088w\" sizes=\"(max-width: 1024px) 100vw, 1024px\" \/><\/figure>\n\n\n\n<p><strong>Prof. D. Pablo D\u00edez Ba\u00f1os.<\/strong> Catedr\u00e1tico de Sanidad Animal de la Universidad de Santiago de Compostela. Acad\u00e9mico de la Academia Gallega de Ciencias Veterinarias. <\/p>\n\n\n\n<figure class=\"wp-block-image size-large\"><img loading=\"lazy\" decoding=\"async\" width=\"1024\" height=\"700\" src=\"https:\/\/academiacienciasveterinariascyl.com\/noticias\/wp-content\/uploads\/2023\/03\/profesor-rodriguez-ferri-1024x700.jpg\" alt=\"\" class=\"wp-image-666\" srcset=\"https:\/\/academiacienciasveterinariascyl.com\/noticias\/wp-content\/uploads\/2023\/03\/profesor-rodriguez-ferri-1024x700.jpg 1024w, https:\/\/academiacienciasveterinariascyl.com\/noticias\/wp-content\/uploads\/2023\/03\/profesor-rodriguez-ferri-300x205.jpg 300w, https:\/\/academiacienciasveterinariascyl.com\/noticias\/wp-content\/uploads\/2023\/03\/profesor-rodriguez-ferri-768x525.jpg 768w, https:\/\/academiacienciasveterinariascyl.com\/noticias\/wp-content\/uploads\/2023\/03\/profesor-rodriguez-ferri.jpg 1088w\" sizes=\"(max-width: 1024px) 100vw, 1024px\" \/><\/figure>\n\n\n\n<p><strong>Prof. D. El\u00edas F. Rodr\u00edguez Ferri. <\/strong>Catedr\u00e1tico Em\u00e9rito de la Universidad de Le\u00f3n. Acad\u00e9mico de N\u00famero y Fundador de AVETCyL. Presidente de la Instituci\u00f3n.<\/p>\n\n\n\n<p><\/p>\n\n\n\n<p><\/p>\n","protected":false},"excerpt":{"rendered":"<p>VER V\u00cdDEO Prof. D. Miguel Cordero del Campillo, Acad\u00e9mico de Honor, que fue, de esta Instituci\u00f3n. El acto tuvo lugar el 22 de marzo de&hellip;<\/p>\n","protected":false},"author":1,"featured_media":669,"comment_status":"open","ping_status":"open","sticky":false,"template":"","format":"standard","meta":{"footnotes":""},"categories":[1],"tags":[],"_links":{"self":[{"href":"https:\/\/academiacienciasveterinariascyl.com\/noticias\/wp-json\/wp\/v2\/posts\/663"}],"collection":[{"href":"https:\/\/academiacienciasveterinariascyl.com\/noticias\/wp-json\/wp\/v2\/posts"}],"about":[{"href":"https:\/\/academiacienciasveterinariascyl.com\/noticias\/wp-json\/wp\/v2\/types\/post"}],"author":[{"embeddable":true,"href":"https:\/\/academiacienciasveterinariascyl.com\/noticias\/wp-json\/wp\/v2\/users\/1"}],"replies":[{"embeddable":true,"href":"https:\/\/academiacienciasveterinariascyl.com\/noticias\/wp-json\/wp\/v2\/comments?post=663"}],"version-history":[{"count":4,"href":"https:\/\/academiacienciasveterinariascyl.com\/noticias\/wp-json\/wp\/v2\/posts\/663\/revisions"}],"predecessor-version":[{"id":709,"href":"https:\/\/academiacienciasveterinariascyl.com\/noticias\/wp-json\/wp\/v2\/posts\/663\/revisions\/709"}],"wp:featuredmedia":[{"embeddable":true,"href":"https:\/\/academiacienciasveterinariascyl.com\/noticias\/wp-json\/wp\/v2\/media\/669"}],"wp:attachment":[{"href":"https:\/\/academiacienciasveterinariascyl.com\/noticias\/wp-json\/wp\/v2\/media?parent=663"}],"wp:term":[{"taxonomy":"category","embeddable":true,"href":"https:\/\/academiacienciasveterinariascyl.com\/noticias\/wp-json\/wp\/v2\/categories?post=663"},{"taxonomy":"post_tag","embeddable":true,"href":"https:\/\/academiacienciasveterinariascyl.com\/noticias\/wp-json\/wp\/v2\/tags?post=663"}],"curies":[{"name":"wp","href":"https:\/\/api.w.org\/{rel}","templated":true}]}}