{"id":656,"date":"2023-03-08T12:07:03","date_gmt":"2023-03-08T12:07:03","guid":{"rendered":"http:\/\/academiacienciasveterinariascyl.com\/noticias\/?p=656"},"modified":"2023-06-15T07:12:18","modified_gmt":"2023-06-15T07:12:18","slug":"acto-solemne-de-toma-de-posesion-del-academico-de-numero-ilmo-sr-dr-d-francisco-javier-carballo-garcia","status":"publish","type":"post","link":"https:\/\/academiacienciasveterinariascyl.com\/noticias\/acto-solemne-de-toma-de-posesion-del-academico-de-numero-ilmo-sr-dr-d-francisco-javier-carballo-garcia\/","title":{"rendered":"Acto Solemne de Toma de Posesi\u00f3n del Acad\u00e9mico de N\u00famero: Ilmo. Sr. Dr. D. Francisco Javier Carballo Garc\u00eda"},"content":{"rendered":"\n<p><\/p>\n\n\n\n<p><a rel=\"noreferrer noopener\" href=\"https:\/\/youtu.be\/uqPzUuAnSzA\" target=\"_blank\">VER V\u00cdDEO<\/a><\/p>\n\n\n\n<figure class=\"wp-block-embed is-type-video is-provider-youtube wp-block-embed-youtube wp-embed-aspect-16-9 wp-has-aspect-ratio\"><div class=\"wp-block-embed__wrapper\">\n<iframe loading=\"lazy\" title=\"Acto Solemne Toma de Posesi\u00f3n del Acad\u00e9mico de N\u00famero D. Francisco Javier Carballo Garc\u00eda\" width=\"770\" height=\"433\" src=\"https:\/\/www.youtube.com\/embed\/uqPzUuAnSzA?feature=oembed\" frameborder=\"0\" allow=\"accelerometer; autoplay; clipboard-write; encrypted-media; gyroscope; picture-in-picture; web-share\" allowfullscreen><\/iframe>\n<\/div><\/figure>\n\n\n\n<p>Quien pronunci\u00f3 el discurso titulado:<\/p>\n\n\n\n<p><strong> \u00abLa peque\u00f1a industria l\u00e1ctea en el medio rural en zonas de monta\u00f1a: El en\u00e9simo servicio de la Tecnolog\u00eda Alimentaria\u00bb.<\/strong><\/p>\n\n\n\n<figure class=\"wp-block-image size-large\"><img loading=\"lazy\" decoding=\"async\" width=\"1024\" height=\"683\" src=\"https:\/\/academiacienciasveterinariascyl.com\/noticias\/wp-content\/uploads\/2023\/03\/Image00001-1024x683.jpg\" alt=\"\" class=\"wp-image-657\" srcset=\"https:\/\/academiacienciasveterinariascyl.com\/noticias\/wp-content\/uploads\/2023\/03\/Image00001-1024x683.jpg 1024w, https:\/\/academiacienciasveterinariascyl.com\/noticias\/wp-content\/uploads\/2023\/03\/Image00001-300x200.jpg 300w, https:\/\/academiacienciasveterinariascyl.com\/noticias\/wp-content\/uploads\/2023\/03\/Image00001-768x512.jpg 768w, https:\/\/academiacienciasveterinariascyl.com\/noticias\/wp-content\/uploads\/2023\/03\/Image00001.jpg 1500w\" sizes=\"(max-width: 1024px) 100vw, 1024px\" \/><\/figure>\n\n\n\n<p><\/p>\n\n\n\n<p>En nombre de la Academia, la contestaci\u00f3n y laudatio corresponden al Acad\u00e9mico de N\u00famero, Excmo Sr. Dr. D. Carlos Alonso Calleja. <\/p>\n\n\n\n<figure class=\"wp-block-image size-large\"><img loading=\"lazy\" decoding=\"async\" width=\"1024\" height=\"683\" src=\"https:\/\/academiacienciasveterinariascyl.com\/noticias\/wp-content\/uploads\/2023\/03\/Image00003-1024x683.jpg\" alt=\"\" class=\"wp-image-658\" srcset=\"https:\/\/academiacienciasveterinariascyl.com\/noticias\/wp-content\/uploads\/2023\/03\/Image00003-1024x683.jpg 1024w, https:\/\/academiacienciasveterinariascyl.com\/noticias\/wp-content\/uploads\/2023\/03\/Image00003-300x200.jpg 300w, https:\/\/academiacienciasveterinariascyl.com\/noticias\/wp-content\/uploads\/2023\/03\/Image00003-768x512.jpg 768w, https:\/\/academiacienciasveterinariascyl.com\/noticias\/wp-content\/uploads\/2023\/03\/Image00003.jpg 1500w\" sizes=\"(max-width: 1024px) 100vw, 1024px\" \/><\/figure>\n\n\n\n<p><\/p>\n\n\n\n<p>El Acto se celebr\u00f3 el 1 de Marzo de 2023 a las 18:30 horas en el Paraninfo Gord\u00f3n Ord\u00e1s del Edificio \u201cEl Albeitar\u201d del Pabell\u00f3n de Gobierno de la Universidad de Le\u00f3n.<\/p>\n\n\n\n<figure class=\"wp-block-image size-large\"><img loading=\"lazy\" decoding=\"async\" width=\"1024\" height=\"683\" src=\"https:\/\/academiacienciasveterinariascyl.com\/noticias\/wp-content\/uploads\/2023\/03\/Image00004-1024x683.jpg\" alt=\"\" class=\"wp-image-659\" srcset=\"https:\/\/academiacienciasveterinariascyl.com\/noticias\/wp-content\/uploads\/2023\/03\/Image00004-1024x683.jpg 1024w, https:\/\/academiacienciasveterinariascyl.com\/noticias\/wp-content\/uploads\/2023\/03\/Image00004-300x200.jpg 300w, https:\/\/academiacienciasveterinariascyl.com\/noticias\/wp-content\/uploads\/2023\/03\/Image00004-768x512.jpg 768w, https:\/\/academiacienciasveterinariascyl.com\/noticias\/wp-content\/uploads\/2023\/03\/Image00004.jpg 1500w\" sizes=\"(max-width: 1024px) 100vw, 1024px\" \/><\/figure>\n","protected":false},"excerpt":{"rendered":"<p>VER V\u00cdDEO Quien pronunci\u00f3 el discurso titulado: \u00abLa peque\u00f1a industria l\u00e1ctea en el medio rural en zonas de monta\u00f1a: El en\u00e9simo servicio de la Tecnolog\u00eda&hellip;<\/p>\n","protected":false},"author":1,"featured_media":661,"comment_status":"open","ping_status":"open","sticky":false,"template":"","format":"standard","meta":{"footnotes":""},"categories":[1],"tags":[],"_links":{"self":[{"href":"https:\/\/academiacienciasveterinariascyl.com\/noticias\/wp-json\/wp\/v2\/posts\/656"}],"collection":[{"href":"https:\/\/academiacienciasveterinariascyl.com\/noticias\/wp-json\/wp\/v2\/posts"}],"about":[{"href":"https:\/\/academiacienciasveterinariascyl.com\/noticias\/wp-json\/wp\/v2\/types\/post"}],"author":[{"embeddable":true,"href":"https:\/\/academiacienciasveterinariascyl.com\/noticias\/wp-json\/wp\/v2\/users\/1"}],"replies":[{"embeddable":true,"href":"https:\/\/academiacienciasveterinariascyl.com\/noticias\/wp-json\/wp\/v2\/comments?post=656"}],"version-history":[{"count":2,"href":"https:\/\/academiacienciasveterinariascyl.com\/noticias\/wp-json\/wp\/v2\/posts\/656\/revisions"}],"predecessor-version":[{"id":710,"href":"https:\/\/academiacienciasveterinariascyl.com\/noticias\/wp-json\/wp\/v2\/posts\/656\/revisions\/710"}],"wp:featuredmedia":[{"embeddable":true,"href":"https:\/\/academiacienciasveterinariascyl.com\/noticias\/wp-json\/wp\/v2\/media\/661"}],"wp:attachment":[{"href":"https:\/\/academiacienciasveterinariascyl.com\/noticias\/wp-json\/wp\/v2\/media?parent=656"}],"wp:term":[{"taxonomy":"category","embeddable":true,"href":"https:\/\/academiacienciasveterinariascyl.com\/noticias\/wp-json\/wp\/v2\/categories?post=656"},{"taxonomy":"post_tag","embeddable":true,"href":"https:\/\/academiacienciasveterinariascyl.com\/noticias\/wp-json\/wp\/v2\/tags?post=656"}],"curies":[{"name":"wp","href":"https:\/\/api.w.org\/{rel}","templated":true}]}}