{"id":634,"date":"2023-03-06T16:40:27","date_gmt":"2023-03-06T16:40:27","guid":{"rendered":"http:\/\/academiacienciasveterinariascyl.com\/noticias\/?p=634"},"modified":"2023-06-15T07:13:06","modified_gmt":"2023-06-15T07:13:06","slug":"acto-solemne-de-apertura-de-curso-2023-de-la-academia-de-ciencias-veterinarias-de-castilla-y-leon","status":"publish","type":"post","link":"https:\/\/academiacienciasveterinariascyl.com\/noticias\/acto-solemne-de-apertura-de-curso-2023-de-la-academia-de-ciencias-veterinarias-de-castilla-y-leon\/","title":{"rendered":"Acto Solemne de Apertura de Curso 2023 de la Academia de Ciencias Veterinarias de Castilla y Le\u00f3n"},"content":{"rendered":"\n<p><\/p>\n\n\n\n<p><a rel=\"noreferrer noopener\" href=\"https:\/\/youtu.be\/_Tqinv24ShU\" target=\"_blank\">VER V\u00cdDEO<\/a><\/p>\n\n\n\n<figure class=\"wp-block-embed is-type-video is-provider-youtube wp-block-embed-youtube wp-embed-aspect-16-9 wp-has-aspect-ratio\"><div class=\"wp-block-embed__wrapper\">\n<iframe loading=\"lazy\" title=\"Apertura de curso 2023 de la Academia de Ciencias Veterinarias de Castilla y Le\u00f3n\" width=\"770\" height=\"433\" src=\"https:\/\/www.youtube.com\/embed\/_Tqinv24ShU?feature=oembed\" frameborder=\"0\" allow=\"accelerometer; autoplay; clipboard-write; encrypted-media; gyroscope; picture-in-picture; web-share\" allowfullscreen><\/iframe>\n<\/div><\/figure>\n\n\n\n<p><br>Acto Solemne de Apertura de Curso 2023 de la Academia de Ciencias Veterinarias de Castilla y Le\u00f3n con arreglo al siguiente Programa: <\/p>\n\n\n\n<p>1. Apertura del Curso 2023, por el Excmo. Sr. Presidente de la Academia <\/p>\n\n\n\n<figure class=\"wp-block-image size-full\"><img loading=\"lazy\" decoding=\"async\" width=\"2560\" height=\"1707\" src=\"https:\/\/academiacienciasveterinariascyl.com\/noticias\/wp-content\/uploads\/2023\/03\/IMG_8179-scaled.jpg\" alt=\"\" class=\"wp-image-638\" srcset=\"https:\/\/academiacienciasveterinariascyl.com\/noticias\/wp-content\/uploads\/2023\/03\/IMG_8179-scaled.jpg 2560w, https:\/\/academiacienciasveterinariascyl.com\/noticias\/wp-content\/uploads\/2023\/03\/IMG_8179-300x200.jpg 300w\" sizes=\"(max-width: 2560px) 100vw, 2560px\" \/><\/figure>\n\n\n\n<p>2. Memoria del Curso 2022, por el Excmo. Sr. Secretario de la Academia. <\/p>\n\n\n\n<figure class=\"wp-block-image size-full\"><img loading=\"lazy\" decoding=\"async\" width=\"2560\" height=\"1707\" src=\"https:\/\/academiacienciasveterinariascyl.com\/noticias\/wp-content\/uploads\/2023\/03\/IMG_8132-scaled.jpg\" alt=\"\" class=\"wp-image-635\" srcset=\"https:\/\/academiacienciasveterinariascyl.com\/noticias\/wp-content\/uploads\/2023\/03\/IMG_8132-scaled.jpg 2560w, https:\/\/academiacienciasveterinariascyl.com\/noticias\/wp-content\/uploads\/2023\/03\/IMG_8132-300x200.jpg 300w\" sizes=\"(max-width: 2560px) 100vw, 2560px\" \/><\/figure>\n\n\n\n<p>3. Entrega de los Premios de la Academia de Ciencias Veterinarias de Castilla y Le\u00f3n patrocinados por el Consejo de Colegios de Veterinarios de Castilla y Le\u00f3n y el Colegio Oficial de Veterinarios de Le\u00f3n. <\/p>\n\n\n\n<figure class=\"wp-block-image size-full\"><img loading=\"lazy\" decoding=\"async\" width=\"2560\" height=\"1695\" src=\"https:\/\/academiacienciasveterinariascyl.com\/noticias\/wp-content\/uploads\/2023\/03\/IMG_8182-scaled.jpg\" alt=\"\" class=\"wp-image-639\" srcset=\"https:\/\/academiacienciasveterinariascyl.com\/noticias\/wp-content\/uploads\/2023\/03\/IMG_8182-scaled.jpg 2560w, https:\/\/academiacienciasveterinariascyl.com\/noticias\/wp-content\/uploads\/2023\/03\/IMG_8182-300x199.jpg 300w\" sizes=\"(max-width: 2560px) 100vw, 2560px\" \/><\/figure>\n\n\n\n<p>4. Lectura del Discurso de Apertura a cargo del Acad\u00e9mico de N\u00famero, Dr. D. Jos\u00e9 Manuel Mart\u00ednez Rodr\u00edguez que disertar\u00e1 sobre \u00abEl amor a los libros de un veterinario\u00bb.<\/p>\n\n\n\n<figure class=\"wp-block-image size-full\"><img loading=\"lazy\" decoding=\"async\" width=\"2560\" height=\"1707\" src=\"https:\/\/academiacienciasveterinariascyl.com\/noticias\/wp-content\/uploads\/2023\/03\/IMG_8160-scaled.jpg\" alt=\"\" class=\"wp-image-637\" srcset=\"https:\/\/academiacienciasveterinariascyl.com\/noticias\/wp-content\/uploads\/2023\/03\/IMG_8160-scaled.jpg 2560w, https:\/\/academiacienciasveterinariascyl.com\/noticias\/wp-content\/uploads\/2023\/03\/IMG_8160-300x200.jpg 300w\" sizes=\"(max-width: 2560px) 100vw, 2560px\" \/><\/figure>\n\n\n\n<p> 5. Clausura del Acto, por el Excmo. Sr. Presidente de la Academia. <\/p>\n\n\n\n<p><\/p>\n\n\n\n<p><\/p>\n\n\n\n<p>El Acto se celebr\u00f3 el 22 de febrero de 2023, a las18:00 horas, en el Paraninfo Gord\u00f3n Ord\u00e1s, en El ALBEITAR de la Universidad de Le\u00f3n.<\/p>\n","protected":false},"excerpt":{"rendered":"<p>VER V\u00cdDEO Acto Solemne de Apertura de Curso 2023 de la Academia de Ciencias Veterinarias de Castilla y Le\u00f3n con arreglo al siguiente Programa: 1.&hellip;<\/p>\n","protected":false},"author":1,"featured_media":75,"comment_status":"open","ping_status":"open","sticky":false,"template":"","format":"standard","meta":{"footnotes":""},"categories":[1],"tags":[],"_links":{"self":[{"href":"https:\/\/academiacienciasveterinariascyl.com\/noticias\/wp-json\/wp\/v2\/posts\/634"}],"collection":[{"href":"https:\/\/academiacienciasveterinariascyl.com\/noticias\/wp-json\/wp\/v2\/posts"}],"about":[{"href":"https:\/\/academiacienciasveterinariascyl.com\/noticias\/wp-json\/wp\/v2\/types\/post"}],"author":[{"embeddable":true,"href":"https:\/\/academiacienciasveterinariascyl.com\/noticias\/wp-json\/wp\/v2\/users\/1"}],"replies":[{"embeddable":true,"href":"https:\/\/academiacienciasveterinariascyl.com\/noticias\/wp-json\/wp\/v2\/comments?post=634"}],"version-history":[{"count":5,"href":"https:\/\/academiacienciasveterinariascyl.com\/noticias\/wp-json\/wp\/v2\/posts\/634\/revisions"}],"predecessor-version":[{"id":711,"href":"https:\/\/academiacienciasveterinariascyl.com\/noticias\/wp-json\/wp\/v2\/posts\/634\/revisions\/711"}],"wp:featuredmedia":[{"embeddable":true,"href":"https:\/\/academiacienciasveterinariascyl.com\/noticias\/wp-json\/wp\/v2\/media\/75"}],"wp:attachment":[{"href":"https:\/\/academiacienciasveterinariascyl.com\/noticias\/wp-json\/wp\/v2\/media?parent=634"}],"wp:term":[{"taxonomy":"category","embeddable":true,"href":"https:\/\/academiacienciasveterinariascyl.com\/noticias\/wp-json\/wp\/v2\/categories?post=634"},{"taxonomy":"post_tag","embeddable":true,"href":"https:\/\/academiacienciasveterinariascyl.com\/noticias\/wp-json\/wp\/v2\/tags?post=634"}],"curies":[{"name":"wp","href":"https:\/\/api.w.org\/{rel}","templated":true}]}}