{"id":619,"date":"2022-11-30T16:13:00","date_gmt":"2022-11-30T16:13:00","guid":{"rendered":"http:\/\/academiacienciasveterinariascyl.com\/noticias\/?p=619"},"modified":"2022-12-27T16:27:42","modified_gmt":"2022-12-27T16:27:42","slug":"pasteur-y-la-veterinaria-conferencia-de-la-academia-ciencias-veterinarias-de-castilla-y-leon","status":"publish","type":"post","link":"https:\/\/academiacienciasveterinariascyl.com\/noticias\/pasteur-y-la-veterinaria-conferencia-de-la-academia-ciencias-veterinarias-de-castilla-y-leon\/","title":{"rendered":"Pasteur y la Veterinaria.  Conferencia de la Academia Ciencias Veterinarias de Castilla y Le\u00f3n"},"content":{"rendered":"\n<p><a rel=\"noreferrer noopener\" href=\"https:\/\/youtu.be\/S0Hvs20DXys\" target=\"_blank\">VER V\u00cdDEO:<\/a><\/p>\n\n\n\n<p><\/p>\n\n\n\n<p>\u201cPasteur y la Veterinaria\u201d<br>(en el 2\u00ba centenario de su nacimiento)<\/p>\n\n\n\n<figure class=\"wp-block-image size-large\"><img loading=\"lazy\" decoding=\"async\" width=\"1024\" height=\"534\" src=\"https:\/\/academiacienciasveterinariascyl.com\/noticias\/wp-content\/uploads\/2022\/12\/WhatsApp-Image-2022-11-30-at-13.06.59-1024x534.jpeg\" alt=\"\" class=\"wp-image-620\" srcset=\"https:\/\/academiacienciasveterinariascyl.com\/noticias\/wp-content\/uploads\/2022\/12\/WhatsApp-Image-2022-11-30-at-13.06.59-1024x534.jpeg 1024w, https:\/\/academiacienciasveterinariascyl.com\/noticias\/wp-content\/uploads\/2022\/12\/WhatsApp-Image-2022-11-30-at-13.06.59-300x156.jpeg 300w, https:\/\/academiacienciasveterinariascyl.com\/noticias\/wp-content\/uploads\/2022\/12\/WhatsApp-Image-2022-11-30-at-13.06.59-768x401.jpeg 768w, https:\/\/academiacienciasveterinariascyl.com\/noticias\/wp-content\/uploads\/2022\/12\/WhatsApp-Image-2022-11-30-at-13.06.59-1536x801.jpeg 1536w, https:\/\/academiacienciasveterinariascyl.com\/noticias\/wp-content\/uploads\/2022\/12\/WhatsApp-Image-2022-11-30-at-13.06.59.jpeg 2048w\" sizes=\"(max-width: 1024px) 100vw, 1024px\" \/><\/figure>\n\n\n\n<p>Intervienen:<br>Prof. El\u00edas F. Rodr\u00edguez Ferri (Acad\u00e9mico de N\u00famero y Presidente):<br>\u00abAportaciones de Pasteur a la Microbiolog\u00eda y Vacunolog\u00eda\u00bb<\/p>\n\n\n\n<figure class=\"wp-block-image size-large\"><img loading=\"lazy\" decoding=\"async\" width=\"1024\" height=\"512\" src=\"https:\/\/academiacienciasveterinariascyl.com\/noticias\/wp-content\/uploads\/2022\/12\/WhatsApp-Image-2022-11-30-at-13.35.10-1024x512.jpeg\" alt=\"\" class=\"wp-image-621\" srcset=\"https:\/\/academiacienciasveterinariascyl.com\/noticias\/wp-content\/uploads\/2022\/12\/WhatsApp-Image-2022-11-30-at-13.35.10-1024x512.jpeg 1024w, https:\/\/academiacienciasveterinariascyl.com\/noticias\/wp-content\/uploads\/2022\/12\/WhatsApp-Image-2022-11-30-at-13.35.10-300x150.jpeg 300w, https:\/\/academiacienciasveterinariascyl.com\/noticias\/wp-content\/uploads\/2022\/12\/WhatsApp-Image-2022-11-30-at-13.35.10-768x384.jpeg 768w, https:\/\/academiacienciasveterinariascyl.com\/noticias\/wp-content\/uploads\/2022\/12\/WhatsApp-Image-2022-11-30-at-13.35.10-1536x767.jpeg 1536w, https:\/\/academiacienciasveterinariascyl.com\/noticias\/wp-content\/uploads\/2022\/12\/WhatsApp-Image-2022-11-30-at-13.35.10.jpeg 2048w\" sizes=\"(max-width: 1024px) 100vw, 1024px\" \/><\/figure>\n\n\n\n<p>Prof. Francisco A. Rojo V\u00e1zquez (Acad\u00e9mico de N\u00famero y Secretario):<br>\u00abLa contribuci\u00f3n de Pasteur a la Veterinaria Cient\u00edfica\u00bb<\/p>\n\n\n\n<p>Paraninfo de la Facultad de Veterinaria de Le\u00f3n, 30 de Noviembre<br>de 2022.<\/p>\n","protected":false},"excerpt":{"rendered":"<p>VER V\u00cdDEO: \u201cPasteur y la Veterinaria\u201d(en el 2\u00ba centenario de su nacimiento) Intervienen:Prof. El\u00edas F. Rodr\u00edguez Ferri (Acad\u00e9mico de N\u00famero y Presidente):\u00abAportaciones de Pasteur a&hellip;<\/p>\n","protected":false},"author":1,"featured_media":75,"comment_status":"open","ping_status":"open","sticky":false,"template":"","format":"standard","meta":{"footnotes":""},"categories":[1],"tags":[],"_links":{"self":[{"href":"https:\/\/academiacienciasveterinariascyl.com\/noticias\/wp-json\/wp\/v2\/posts\/619"}],"collection":[{"href":"https:\/\/academiacienciasveterinariascyl.com\/noticias\/wp-json\/wp\/v2\/posts"}],"about":[{"href":"https:\/\/academiacienciasveterinariascyl.com\/noticias\/wp-json\/wp\/v2\/types\/post"}],"author":[{"embeddable":true,"href":"https:\/\/academiacienciasveterinariascyl.com\/noticias\/wp-json\/wp\/v2\/users\/1"}],"replies":[{"embeddable":true,"href":"https:\/\/academiacienciasveterinariascyl.com\/noticias\/wp-json\/wp\/v2\/comments?post=619"}],"version-history":[{"count":2,"href":"https:\/\/academiacienciasveterinariascyl.com\/noticias\/wp-json\/wp\/v2\/posts\/619\/revisions"}],"predecessor-version":[{"id":630,"href":"https:\/\/academiacienciasveterinariascyl.com\/noticias\/wp-json\/wp\/v2\/posts\/619\/revisions\/630"}],"wp:featuredmedia":[{"embeddable":true,"href":"https:\/\/academiacienciasveterinariascyl.com\/noticias\/wp-json\/wp\/v2\/media\/75"}],"wp:attachment":[{"href":"https:\/\/academiacienciasveterinariascyl.com\/noticias\/wp-json\/wp\/v2\/media?parent=619"}],"wp:term":[{"taxonomy":"category","embeddable":true,"href":"https:\/\/academiacienciasveterinariascyl.com\/noticias\/wp-json\/wp\/v2\/categories?post=619"},{"taxonomy":"post_tag","embeddable":true,"href":"https:\/\/academiacienciasveterinariascyl.com\/noticias\/wp-json\/wp\/v2\/tags?post=619"}],"curies":[{"name":"wp","href":"https:\/\/api.w.org\/{rel}","templated":true}]}}