{"id":607,"date":"2022-10-10T15:35:11","date_gmt":"2022-10-10T15:35:11","guid":{"rendered":"http:\/\/academiacienciasveterinariascyl.com\/noticias\/?p=607"},"modified":"2022-10-10T15:49:43","modified_gmt":"2022-10-10T15:49:43","slug":"conferencia-de-el-dr-d-carlos-alonso-calleja-titulada-son-las-setas-un-buen-alimento","status":"publish","type":"post","link":"https:\/\/academiacienciasveterinariascyl.com\/noticias\/conferencia-de-el-dr-d-carlos-alonso-calleja-titulada-son-las-setas-un-buen-alimento\/","title":{"rendered":"V\u00eddeo Conferencia \u00bfSon las setas un buen alimento?"},"content":{"rendered":"\n<p><a rel=\"noreferrer noopener\" href=\"https:\/\/www.youtube.com\/watch?v=ZsaOu6_97fk\" target=\"_blank\">VER V\u00cdDEO<\/a><\/p>\n\n\n\n<p>Conferencia pronunciada por el Acad\u00e9mico de N\u00famero de la Academia de Ciencias Veterinarias de Castilla y Le\u00f3n Dr. D. Carlos Alonso Calleja, titulada: \u00bfSon las setas un buen alimento?. El 21 de septiembre de 2022, a las <a href=\"https:\/\/www.youtube.com\/watch?v=ZsaOu6_97fk&amp;t=1110s\">18:30<\/a> horas en el Paraninfo Gord\u00f3n Ord\u00e1s del Edificio \u201cEl Albeitar\u201d, de la Universidad de Le\u00f3n.<\/p>\n\n\n\n<p><\/p>\n\n\n\n<figure class=\"wp-block-image size-large\"><img loading=\"lazy\" decoding=\"async\" width=\"1024\" height=\"682\" src=\"https:\/\/academiacienciasveterinariascyl.com\/noticias\/wp-content\/uploads\/2022\/10\/conferencia-1024x682.jpg\" alt=\"\" class=\"wp-image-612\" srcset=\"https:\/\/academiacienciasveterinariascyl.com\/noticias\/wp-content\/uploads\/2022\/10\/conferencia-1024x682.jpg 1024w, https:\/\/academiacienciasveterinariascyl.com\/noticias\/wp-content\/uploads\/2022\/10\/conferencia-300x200.jpg 300w, https:\/\/academiacienciasveterinariascyl.com\/noticias\/wp-content\/uploads\/2022\/10\/conferencia-768x512.jpg 768w, https:\/\/academiacienciasveterinariascyl.com\/noticias\/wp-content\/uploads\/2022\/10\/conferencia.jpg 1088w\" sizes=\"(max-width: 1024px) 100vw, 1024px\" \/><\/figure>\n","protected":false},"excerpt":{"rendered":"<p>VER V\u00cdDEO Conferencia pronunciada por el Acad\u00e9mico de N\u00famero de la Academia de Ciencias Veterinarias de Castilla y Le\u00f3n Dr. D. Carlos Alonso Calleja, titulada:&hellip;<\/p>\n","protected":false},"author":1,"featured_media":611,"comment_status":"open","ping_status":"open","sticky":false,"template":"","format":"standard","meta":{"footnotes":""},"categories":[1],"tags":[],"_links":{"self":[{"href":"https:\/\/academiacienciasveterinariascyl.com\/noticias\/wp-json\/wp\/v2\/posts\/607"}],"collection":[{"href":"https:\/\/academiacienciasveterinariascyl.com\/noticias\/wp-json\/wp\/v2\/posts"}],"about":[{"href":"https:\/\/academiacienciasveterinariascyl.com\/noticias\/wp-json\/wp\/v2\/types\/post"}],"author":[{"embeddable":true,"href":"https:\/\/academiacienciasveterinariascyl.com\/noticias\/wp-json\/wp\/v2\/users\/1"}],"replies":[{"embeddable":true,"href":"https:\/\/academiacienciasveterinariascyl.com\/noticias\/wp-json\/wp\/v2\/comments?post=607"}],"version-history":[{"count":6,"href":"https:\/\/academiacienciasveterinariascyl.com\/noticias\/wp-json\/wp\/v2\/posts\/607\/revisions"}],"predecessor-version":[{"id":615,"href":"https:\/\/academiacienciasveterinariascyl.com\/noticias\/wp-json\/wp\/v2\/posts\/607\/revisions\/615"}],"wp:featuredmedia":[{"embeddable":true,"href":"https:\/\/academiacienciasveterinariascyl.com\/noticias\/wp-json\/wp\/v2\/media\/611"}],"wp:attachment":[{"href":"https:\/\/academiacienciasveterinariascyl.com\/noticias\/wp-json\/wp\/v2\/media?parent=607"}],"wp:term":[{"taxonomy":"category","embeddable":true,"href":"https:\/\/academiacienciasveterinariascyl.com\/noticias\/wp-json\/wp\/v2\/categories?post=607"},{"taxonomy":"post_tag","embeddable":true,"href":"https:\/\/academiacienciasveterinariascyl.com\/noticias\/wp-json\/wp\/v2\/tags?post=607"}],"curies":[{"name":"wp","href":"https:\/\/api.w.org\/{rel}","templated":true}]}}