{"id":574,"date":"2022-04-17T16:13:16","date_gmt":"2022-04-17T16:13:16","guid":{"rendered":"http:\/\/academiacienciasveterinariascyl.com\/noticias\/?p=574"},"modified":"2022-04-19T09:02:55","modified_gmt":"2022-04-19T09:02:55","slug":"vieo-del-acto-solemne-de-entrega-de-la-placa-de-reconocimiento-de-la-academia-de-ciencias-veterinarias-de-castilla-y-leon-a-la-guardia-civil","status":"publish","type":"post","link":"https:\/\/academiacienciasveterinariascyl.com\/noticias\/vieo-del-acto-solemne-de-entrega-de-la-placa-de-reconocimiento-de-la-academia-de-ciencias-veterinarias-de-castilla-y-leon-a-la-guardia-civil\/","title":{"rendered":"V\u00eddeo del Acto Solemne de entrega de la Placa de  Reconocimiento de la Academia de Ciencias Veterinarias de Castilla y  Le\u00f3n, a la Guard\u00eda Civil"},"content":{"rendered":"\n<p><a href=\"https:\/\/www.youtube.com\/watch?v=svR8K-kuUlw\" target=\"_blank\" rel=\"noreferrer noopener\">VER V\u00cdDEO<\/a><\/p>\n\n\n\n<p>__<\/p>\n\n\n\n<figure class=\"wp-block-image size-large\"><img loading=\"lazy\" decoding=\"async\" width=\"1024\" height=\"682\" src=\"https:\/\/academiacienciasveterinariascyl.com\/noticias\/wp-content\/uploads\/2022\/04\/homenaje-a-la-guardia-civil-1024x682.jpg\" alt=\"\" class=\"wp-image-575\" srcset=\"https:\/\/academiacienciasveterinariascyl.com\/noticias\/wp-content\/uploads\/2022\/04\/homenaje-a-la-guardia-civil-1024x682.jpg 1024w, https:\/\/academiacienciasveterinariascyl.com\/noticias\/wp-content\/uploads\/2022\/04\/homenaje-a-la-guardia-civil-300x200.jpg 300w, https:\/\/academiacienciasveterinariascyl.com\/noticias\/wp-content\/uploads\/2022\/04\/homenaje-a-la-guardia-civil-768x512.jpg 768w, https:\/\/academiacienciasveterinariascyl.com\/noticias\/wp-content\/uploads\/2022\/04\/homenaje-a-la-guardia-civil.jpg 1088w\" sizes=\"(max-width: 1024px) 100vw, 1024px\" \/><\/figure>\n\n\n\n<p><\/p>\n\n\n\n<p>Para dar cumplimiento al <strong>acuerdo <\/strong>adoptado por la <strong>Junta General<\/strong> de la Academia de Ciencias Veterinarias de Castilla y Le\u00f3n de 14 de febrero de 2020 (aplazado por raz\u00f3n de la Covid-19), sobre <strong>reconocimiento a la Guardia Civil<\/strong> en especial sobre las actividades que guardan relaci\u00f3n con las <strong>Ciencias Veterinarias<\/strong>, se va a procedi\u00f3 el d\u00eda 6 de abril, a  las 18:30 horas, en el Paraninfo Gord\u00f3n Ord\u00e1s de \u00bbEl Alb\u00e9itar\u00bb de la Universidad de Le\u00f3n, al <strong>acto solemne de entrega de la Placa de Reconocimiento&nbsp;<\/strong>y el <strong>Diploma <\/strong>correspondiente (articulo 15.2 del Reglamento de R\u00e9gimen Interno).&nbsp;&nbsp;<\/p>\n\n\n\n<figure class=\"wp-block-image size-large\"><img loading=\"lazy\" decoding=\"async\" width=\"1024\" height=\"682\" src=\"https:\/\/academiacienciasveterinariascyl.com\/noticias\/wp-content\/uploads\/2022\/04\/homenaje-a-la-guardia-civil3--1024x682.jpg\" alt=\"\" class=\"wp-image-576\" srcset=\"https:\/\/academiacienciasveterinariascyl.com\/noticias\/wp-content\/uploads\/2022\/04\/homenaje-a-la-guardia-civil3--1024x682.jpg 1024w, https:\/\/academiacienciasveterinariascyl.com\/noticias\/wp-content\/uploads\/2022\/04\/homenaje-a-la-guardia-civil3--300x200.jpg 300w, https:\/\/academiacienciasveterinariascyl.com\/noticias\/wp-content\/uploads\/2022\/04\/homenaje-a-la-guardia-civil3--768x512.jpg 768w, https:\/\/academiacienciasveterinariascyl.com\/noticias\/wp-content\/uploads\/2022\/04\/homenaje-a-la-guardia-civil3-.jpg 1088w\" sizes=\"(max-width: 1024px) 100vw, 1024px\" \/><\/figure>\n\n\n\n<figure class=\"wp-block-image size-large\"><img loading=\"lazy\" decoding=\"async\" width=\"1024\" height=\"683\" src=\"https:\/\/academiacienciasveterinariascyl.com\/noticias\/wp-content\/uploads\/2022\/04\/homenaje-a-la-guardia-civil2--1024x683.jpg\" alt=\"\" class=\"wp-image-577\" srcset=\"https:\/\/academiacienciasveterinariascyl.com\/noticias\/wp-content\/uploads\/2022\/04\/homenaje-a-la-guardia-civil2--1024x683.jpg 1024w, https:\/\/academiacienciasveterinariascyl.com\/noticias\/wp-content\/uploads\/2022\/04\/homenaje-a-la-guardia-civil2--300x200.jpg 300w, https:\/\/academiacienciasveterinariascyl.com\/noticias\/wp-content\/uploads\/2022\/04\/homenaje-a-la-guardia-civil2--768x512.jpg 768w, https:\/\/academiacienciasveterinariascyl.com\/noticias\/wp-content\/uploads\/2022\/04\/homenaje-a-la-guardia-civil2-.jpg 1088w\" sizes=\"(max-width: 1024px) 100vw, 1024px\" \/><\/figure>\n","protected":false},"excerpt":{"rendered":"<p>VER V\u00cdDEO __ Para dar cumplimiento al acuerdo adoptado por la Junta General de la Academia de Ciencias Veterinarias de Castilla y Le\u00f3n de 14&hellip;<\/p>\n","protected":false},"author":1,"featured_media":578,"comment_status":"open","ping_status":"open","sticky":false,"template":"","format":"standard","meta":{"footnotes":""},"categories":[1],"tags":[],"_links":{"self":[{"href":"https:\/\/academiacienciasveterinariascyl.com\/noticias\/wp-json\/wp\/v2\/posts\/574"}],"collection":[{"href":"https:\/\/academiacienciasveterinariascyl.com\/noticias\/wp-json\/wp\/v2\/posts"}],"about":[{"href":"https:\/\/academiacienciasveterinariascyl.com\/noticias\/wp-json\/wp\/v2\/types\/post"}],"author":[{"embeddable":true,"href":"https:\/\/academiacienciasveterinariascyl.com\/noticias\/wp-json\/wp\/v2\/users\/1"}],"replies":[{"embeddable":true,"href":"https:\/\/academiacienciasveterinariascyl.com\/noticias\/wp-json\/wp\/v2\/comments?post=574"}],"version-history":[{"count":5,"href":"https:\/\/academiacienciasveterinariascyl.com\/noticias\/wp-json\/wp\/v2\/posts\/574\/revisions"}],"predecessor-version":[{"id":584,"href":"https:\/\/academiacienciasveterinariascyl.com\/noticias\/wp-json\/wp\/v2\/posts\/574\/revisions\/584"}],"wp:featuredmedia":[{"embeddable":true,"href":"https:\/\/academiacienciasveterinariascyl.com\/noticias\/wp-json\/wp\/v2\/media\/578"}],"wp:attachment":[{"href":"https:\/\/academiacienciasveterinariascyl.com\/noticias\/wp-json\/wp\/v2\/media?parent=574"}],"wp:term":[{"taxonomy":"category","embeddable":true,"href":"https:\/\/academiacienciasveterinariascyl.com\/noticias\/wp-json\/wp\/v2\/categories?post=574"},{"taxonomy":"post_tag","embeddable":true,"href":"https:\/\/academiacienciasveterinariascyl.com\/noticias\/wp-json\/wp\/v2\/tags?post=574"}],"curies":[{"name":"wp","href":"https:\/\/api.w.org\/{rel}","templated":true}]}}