{"id":564,"date":"2022-04-17T16:00:35","date_gmt":"2022-04-17T16:00:35","guid":{"rendered":"http:\/\/academiacienciasveterinariascyl.com\/noticias\/?p=564"},"modified":"2022-04-17T16:16:39","modified_gmt":"2022-04-17T16:16:39","slug":"video-toma-de-toma-de-posesion-de-la-academica-correspondiente-dra-dna-ana-judith-martin-de-la-fuente","status":"publish","type":"post","link":"https:\/\/academiacienciasveterinariascyl.com\/noticias\/video-toma-de-toma-de-posesion-de-la-academica-correspondiente-dra-dna-ana-judith-martin-de-la-fuente\/","title":{"rendered":"V\u00eddeo Toma de Toma de Posesi\u00f3n de la Acad\u00e9mica Correspondiente, Dra. D\u00f1a. Ana Judith Mart\u00edn de la Fuente"},"content":{"rendered":"\n<p><a href=\"https:\/\/www.youtube.com\/watch?v=H21h1xOtt50\" target=\"_blank\" rel=\"noreferrer noopener\">VER V\u00cdDEO<\/a><\/p>\n\n\n\n<p>___<\/p>\n\n\n\n<p>Del Acto Solemne de Toma de Posesi\u00f3n de la Acad\u00e9mica Correspondiente, Dra. D\u00f1a. Ana Judith Mart\u00edn de la Fuente.<\/p>\n\n\n\n<figure class=\"wp-block-image size-large\"><img loading=\"lazy\" decoding=\"async\" width=\"1024\" height=\"682\" src=\"https:\/\/academiacienciasveterinariascyl.com\/noticias\/wp-content\/uploads\/2022\/04\/Ana-Judith-Martin-3-1024x682.jpg\" alt=\"\" class=\"wp-image-565\" srcset=\"https:\/\/academiacienciasveterinariascyl.com\/noticias\/wp-content\/uploads\/2022\/04\/Ana-Judith-Martin-3-1024x682.jpg 1024w, https:\/\/academiacienciasveterinariascyl.com\/noticias\/wp-content\/uploads\/2022\/04\/Ana-Judith-Martin-3-300x200.jpg 300w, https:\/\/academiacienciasveterinariascyl.com\/noticias\/wp-content\/uploads\/2022\/04\/Ana-Judith-Martin-3-768x512.jpg 768w, https:\/\/academiacienciasveterinariascyl.com\/noticias\/wp-content\/uploads\/2022\/04\/Ana-Judith-Martin-3.jpg 1088w\" sizes=\"(max-width: 1024px) 100vw, 1024px\" \/><\/figure>\n\n\n\n<p><br>Qui\u00e9n pronunciar\u00e1 la conferencia titulada:<br>\u201c<strong>Las revolucionarias tecnolog\u00edas de Edici\u00f3n Gen\u00e9tica\u201d<\/strong><\/p>\n\n\n\n<p><\/p>\n\n\n\n<figure class=\"wp-block-image size-large\"><img loading=\"lazy\" decoding=\"async\" width=\"1024\" height=\"683\" src=\"https:\/\/academiacienciasveterinariascyl.com\/noticias\/wp-content\/uploads\/2022\/04\/Ana-Judith-Martin1-1024x683.jpg\" alt=\"\" class=\"wp-image-566\" srcset=\"https:\/\/academiacienciasveterinariascyl.com\/noticias\/wp-content\/uploads\/2022\/04\/Ana-Judith-Martin1-1024x683.jpg 1024w, https:\/\/academiacienciasveterinariascyl.com\/noticias\/wp-content\/uploads\/2022\/04\/Ana-Judith-Martin1-300x200.jpg 300w, https:\/\/academiacienciasveterinariascyl.com\/noticias\/wp-content\/uploads\/2022\/04\/Ana-Judith-Martin1-768x512.jpg 768w, https:\/\/academiacienciasveterinariascyl.com\/noticias\/wp-content\/uploads\/2022\/04\/Ana-Judith-Martin1.jpg 1088w\" sizes=\"(max-width: 1024px) 100vw, 1024px\" \/><\/figure>\n\n\n\n<p><\/p>\n\n\n\n<p><\/p>\n\n\n\n<p><\/p>\n\n\n\n<figure class=\"wp-block-image size-large\"><img loading=\"lazy\" decoding=\"async\" width=\"1024\" height=\"682\" src=\"https:\/\/academiacienciasveterinariascyl.com\/noticias\/wp-content\/uploads\/2022\/04\/Ana-Judith-Martin-2-1024x682.jpg\" alt=\"\" class=\"wp-image-567\" srcset=\"https:\/\/academiacienciasveterinariascyl.com\/noticias\/wp-content\/uploads\/2022\/04\/Ana-Judith-Martin-2-1024x682.jpg 1024w, https:\/\/academiacienciasveterinariascyl.com\/noticias\/wp-content\/uploads\/2022\/04\/Ana-Judith-Martin-2-300x200.jpg 300w, https:\/\/academiacienciasveterinariascyl.com\/noticias\/wp-content\/uploads\/2022\/04\/Ana-Judith-Martin-2-768x512.jpg 768w, https:\/\/academiacienciasveterinariascyl.com\/noticias\/wp-content\/uploads\/2022\/04\/Ana-Judith-Martin-2.jpg 1088w\" sizes=\"(max-width: 1024px) 100vw, 1024px\" \/><\/figure>\n\n\n\n<p><br>El Acto se celeb\u00f3 el 23 de marzo de 2022 a las 18:00 horas en el Paraninfo Gord\u00f3n<br>Ord\u00e1s del Edificio \u2018El Albeitar\u2019, de la Universidad de Le\u00f3n<\/p>\n","protected":false},"excerpt":{"rendered":"<p>VER V\u00cdDEO ___ Del Acto Solemne de Toma de Posesi\u00f3n de la Acad\u00e9mica Correspondiente, Dra. D\u00f1a. Ana Judith Mart\u00edn de la Fuente. Qui\u00e9n pronunciar\u00e1 la&hellip;<\/p>\n","protected":false},"author":1,"featured_media":569,"comment_status":"open","ping_status":"open","sticky":false,"template":"","format":"standard","meta":{"footnotes":""},"categories":[1],"tags":[],"_links":{"self":[{"href":"https:\/\/academiacienciasveterinariascyl.com\/noticias\/wp-json\/wp\/v2\/posts\/564"}],"collection":[{"href":"https:\/\/academiacienciasveterinariascyl.com\/noticias\/wp-json\/wp\/v2\/posts"}],"about":[{"href":"https:\/\/academiacienciasveterinariascyl.com\/noticias\/wp-json\/wp\/v2\/types\/post"}],"author":[{"embeddable":true,"href":"https:\/\/academiacienciasveterinariascyl.com\/noticias\/wp-json\/wp\/v2\/users\/1"}],"replies":[{"embeddable":true,"href":"https:\/\/academiacienciasveterinariascyl.com\/noticias\/wp-json\/wp\/v2\/comments?post=564"}],"version-history":[{"count":5,"href":"https:\/\/academiacienciasveterinariascyl.com\/noticias\/wp-json\/wp\/v2\/posts\/564\/revisions"}],"predecessor-version":[{"id":583,"href":"https:\/\/academiacienciasveterinariascyl.com\/noticias\/wp-json\/wp\/v2\/posts\/564\/revisions\/583"}],"wp:featuredmedia":[{"embeddable":true,"href":"https:\/\/academiacienciasveterinariascyl.com\/noticias\/wp-json\/wp\/v2\/media\/569"}],"wp:attachment":[{"href":"https:\/\/academiacienciasveterinariascyl.com\/noticias\/wp-json\/wp\/v2\/media?parent=564"}],"wp:term":[{"taxonomy":"category","embeddable":true,"href":"https:\/\/academiacienciasveterinariascyl.com\/noticias\/wp-json\/wp\/v2\/categories?post=564"},{"taxonomy":"post_tag","embeddable":true,"href":"https:\/\/academiacienciasveterinariascyl.com\/noticias\/wp-json\/wp\/v2\/tags?post=564"}],"curies":[{"name":"wp","href":"https:\/\/api.w.org\/{rel}","templated":true}]}}