{"id":555,"date":"2022-03-15T19:02:46","date_gmt":"2022-03-15T19:02:46","guid":{"rendered":"http:\/\/academiacienciasveterinariascyl.com\/noticias\/?p=555"},"modified":"2022-04-06T05:56:51","modified_gmt":"2022-04-06T05:56:51","slug":"toma-de-posesion-de-la-academicacorrespondiente-dra-dna-ana-judith-martin-de-la-fuente","status":"publish","type":"post","link":"https:\/\/academiacienciasveterinariascyl.com\/noticias\/toma-de-posesion-de-la-academicacorrespondiente-dra-dna-ana-judith-martin-de-la-fuente\/","title":{"rendered":"Toma de Posesi\u00f3n de la Acad\u00e9mica Correspondiente, Dra. D\u00f1a. Ana Judith Mart\u00edn de la Fuente"},"content":{"rendered":"\n<p>El Presidente de la Academia de Ciencias Veterinarias de Castilla y Le\u00f3n.<br>Tiene el honor de Invitar a Vd. al Acto Solemne de Toma de Posesi\u00f3n de la Acad\u00e9mica<br>Correspondiente, Dra. D\u00f1a. Ana Judith Mart\u00edn de la Fuente.<\/p>\n\n\n\n<p><br>Qui\u00e9n pronunciar\u00e1 la conferencia titulada:<br>\u201c<strong>Las revolucionarias tecnolog\u00edas de Edici\u00f3n Gen\u00e9tica\u201d<\/strong><\/p>\n\n\n\n<p><br>En nombre de la Academia, la presentaci\u00f3n ser\u00e1 realizada por:<\/p>\n\n\n\n<p><br>El Excmo Sr. Dr. D. El\u00edas Fernando Rodr\u00edguez Ferri, Acad\u00e9mico de N\u00famero y Fundador<\/p>\n\n\n\n<p><br>El Acto se celebrar\u00e1 el pr\u00f3ximo 23 de marzo de 2022 a las 18:00 horas en el Paraninfo Gord\u00f3n<br>Ord\u00e1s del Edificio \u2018El Albeitar\u2019, de la Universidad de Le\u00f3n<\/p>\n","protected":false},"excerpt":{"rendered":"<p>El Presidente de la Academia de Ciencias Veterinarias de Castilla y Le\u00f3n.Tiene el honor de Invitar a Vd. al Acto Solemne de Toma de Posesi\u00f3n&hellip;<\/p>\n","protected":false},"author":1,"featured_media":75,"comment_status":"open","ping_status":"open","sticky":false,"template":"","format":"standard","meta":{"footnotes":""},"categories":[1],"tags":[],"_links":{"self":[{"href":"https:\/\/academiacienciasveterinariascyl.com\/noticias\/wp-json\/wp\/v2\/posts\/555"}],"collection":[{"href":"https:\/\/academiacienciasveterinariascyl.com\/noticias\/wp-json\/wp\/v2\/posts"}],"about":[{"href":"https:\/\/academiacienciasveterinariascyl.com\/noticias\/wp-json\/wp\/v2\/types\/post"}],"author":[{"embeddable":true,"href":"https:\/\/academiacienciasveterinariascyl.com\/noticias\/wp-json\/wp\/v2\/users\/1"}],"replies":[{"embeddable":true,"href":"https:\/\/academiacienciasveterinariascyl.com\/noticias\/wp-json\/wp\/v2\/comments?post=555"}],"version-history":[{"count":3,"href":"https:\/\/academiacienciasveterinariascyl.com\/noticias\/wp-json\/wp\/v2\/posts\/555\/revisions"}],"predecessor-version":[{"id":562,"href":"https:\/\/academiacienciasveterinariascyl.com\/noticias\/wp-json\/wp\/v2\/posts\/555\/revisions\/562"}],"wp:featuredmedia":[{"embeddable":true,"href":"https:\/\/academiacienciasveterinariascyl.com\/noticias\/wp-json\/wp\/v2\/media\/75"}],"wp:attachment":[{"href":"https:\/\/academiacienciasveterinariascyl.com\/noticias\/wp-json\/wp\/v2\/media?parent=555"}],"wp:term":[{"taxonomy":"category","embeddable":true,"href":"https:\/\/academiacienciasveterinariascyl.com\/noticias\/wp-json\/wp\/v2\/categories?post=555"},{"taxonomy":"post_tag","embeddable":true,"href":"https:\/\/academiacienciasveterinariascyl.com\/noticias\/wp-json\/wp\/v2\/tags?post=555"}],"curies":[{"name":"wp","href":"https:\/\/api.w.org\/{rel}","templated":true}]}}