{"id":543,"date":"2022-02-21T09:37:11","date_gmt":"2022-02-21T09:37:11","guid":{"rendered":"http:\/\/academiacienciasveterinariascyl.com\/noticias\/?p=543"},"modified":"2022-02-21T12:41:41","modified_gmt":"2022-02-21T12:41:41","slug":"in-memoriam-luis-garcia-zurdo","status":"publish","type":"post","link":"https:\/\/academiacienciasveterinariascyl.com\/noticias\/in-memoriam-luis-garcia-zurdo\/","title":{"rendered":"\u201cIN MEMORIAM LUIS GARC\u00cdA ZURDO\u201d."},"content":{"rendered":"\n<p><a href=\"https:\/\/www.youtube.com\/watch?v=3mu-u0IwBmg\">VER VID<\/a><a href=\"https:\/\/www.youtube.com\/watch?v=3mu-u0IwBmg\" target=\"_blank\" rel=\"noreferrer noopener\">EO<\/a><\/p>\n\n\n\n<p>Acto de la Academia de Ciencias Veterinarias de Castilla y Le\u00f3n \u201cIN MEMORIAM LUIS GARC\u00cdA ZURDO\u201d<\/p>\n\n\n\n<figure class=\"wp-block-image size-large\"><img loading=\"lazy\" decoding=\"async\" width=\"1024\" height=\"576\" src=\"https:\/\/academiacienciasveterinariascyl.com\/noticias\/wp-content\/uploads\/2022\/02\/zurdo-homenaje-postumo-1024x576.jpg\" alt=\"\" class=\"wp-image-549\" srcset=\"https:\/\/academiacienciasveterinariascyl.com\/noticias\/wp-content\/uploads\/2022\/02\/zurdo-homenaje-postumo-1024x576.jpg 1024w, https:\/\/academiacienciasveterinariascyl.com\/noticias\/wp-content\/uploads\/2022\/02\/zurdo-homenaje-postumo-300x169.jpg 300w, https:\/\/academiacienciasveterinariascyl.com\/noticias\/wp-content\/uploads\/2022\/02\/zurdo-homenaje-postumo-768x432.jpg 768w, https:\/\/academiacienciasveterinariascyl.com\/noticias\/wp-content\/uploads\/2022\/02\/zurdo-homenaje-postumo-1536x864.jpg 1536w, https:\/\/academiacienciasveterinariascyl.com\/noticias\/wp-content\/uploads\/2022\/02\/zurdo-homenaje-postumo.jpg 1706w\" sizes=\"(max-width: 1024px) 100vw, 1024px\" \/><\/figure>\n\n\n\n<p>Intervienier\u00f3n:<\/p>\n\n\n\n<p> .-Prof. D. Manuel Vald\u00e9s Fern\u00e1ndez, catedr\u00e1tico em\u00e9rito de la Universidad de Le\u00f3n<\/p>\n\n\n\n<p> .-D\u00f1a. Gabriela Garc\u00eda Robles <\/p>\n\n\n\n<p>.-Prof. D. El\u00edas Fernando Rodr\u00edguez Ferri, catedr\u00e1tico em\u00e9rito de la Universidad de Le\u00f3n <\/p>\n\n\n\n<p><\/p>\n\n\n\n<p>El Acto se celebr\u00f3 el 1 de diciembre de 2021, en el Paraninfo Gord\u00f3n Ord\u00e1s del Edificio \u2018El Albeitar\u2019, de la Universidad de Le\u00f3n<\/p>\n","protected":false},"excerpt":{"rendered":"<p>VER VIDEO Acto de la Academia de Ciencias Veterinarias de Castilla y Le\u00f3n \u201cIN MEMORIAM LUIS GARC\u00cdA ZURDO\u201d Intervienier\u00f3n: .-Prof. D. Manuel Vald\u00e9s Fern\u00e1ndez, catedr\u00e1tico&hellip;<\/p>\n","protected":false},"author":1,"featured_media":545,"comment_status":"open","ping_status":"open","sticky":false,"template":"","format":"standard","meta":{"footnotes":""},"categories":[1],"tags":[],"_links":{"self":[{"href":"https:\/\/academiacienciasveterinariascyl.com\/noticias\/wp-json\/wp\/v2\/posts\/543"}],"collection":[{"href":"https:\/\/academiacienciasveterinariascyl.com\/noticias\/wp-json\/wp\/v2\/posts"}],"about":[{"href":"https:\/\/academiacienciasveterinariascyl.com\/noticias\/wp-json\/wp\/v2\/types\/post"}],"author":[{"embeddable":true,"href":"https:\/\/academiacienciasveterinariascyl.com\/noticias\/wp-json\/wp\/v2\/users\/1"}],"replies":[{"embeddable":true,"href":"https:\/\/academiacienciasveterinariascyl.com\/noticias\/wp-json\/wp\/v2\/comments?post=543"}],"version-history":[{"count":5,"href":"https:\/\/academiacienciasveterinariascyl.com\/noticias\/wp-json\/wp\/v2\/posts\/543\/revisions"}],"predecessor-version":[{"id":551,"href":"https:\/\/academiacienciasveterinariascyl.com\/noticias\/wp-json\/wp\/v2\/posts\/543\/revisions\/551"}],"wp:featuredmedia":[{"embeddable":true,"href":"https:\/\/academiacienciasveterinariascyl.com\/noticias\/wp-json\/wp\/v2\/media\/545"}],"wp:attachment":[{"href":"https:\/\/academiacienciasveterinariascyl.com\/noticias\/wp-json\/wp\/v2\/media?parent=543"}],"wp:term":[{"taxonomy":"category","embeddable":true,"href":"https:\/\/academiacienciasveterinariascyl.com\/noticias\/wp-json\/wp\/v2\/categories?post=543"},{"taxonomy":"post_tag","embeddable":true,"href":"https:\/\/academiacienciasveterinariascyl.com\/noticias\/wp-json\/wp\/v2\/tags?post=543"}],"curies":[{"name":"wp","href":"https:\/\/api.w.org\/{rel}","templated":true}]}}