{"id":523,"date":"2021-12-31T15:07:39","date_gmt":"2021-12-31T15:07:39","guid":{"rendered":"http:\/\/academiacienciasveterinariascyl.com\/noticias\/?p=523"},"modified":"2021-12-31T15:14:53","modified_gmt":"2021-12-31T15:14:53","slug":"toma-de-posesion-del-academico-correspondientedr-d-rufino-rivero-hernandez","status":"publish","type":"post","link":"https:\/\/academiacienciasveterinariascyl.com\/noticias\/toma-de-posesion-del-academico-correspondientedr-d-rufino-rivero-hernandez\/","title":{"rendered":"Toma de Posesi\u00f3n del Acad\u00e9mico Correspondiente, Dr. D. Rufino Rivero Hern\u00e1ndez"},"content":{"rendered":"\n<p><a rel=\"noreferrer noopener\" href=\"https:\/\/youtu.be\/leQNpA1B24o\" target=\"_blank\">V\u00cdDEO CONFERENCIA<\/a><\/p>\n\n\n\n<p>Toma de Posesi\u00f3n del Acad\u00e9mico Correspondiente, <strong>Dr. D. Rufino Rivero Hern\u00e1ndez.<\/strong><\/p>\n\n\n\n<p>Quien pronunci\u00f3 la conferencia titulada:<\/p>\n\n\n\n<p>\u201c<strong>El veterinario en los espect\u00e1culos taurinos. Referencias al pasado y<br>el presente y una visi\u00f3n personal sobre lo que nos puede deparar el futuro\u201d<\/strong><\/p>\n\n\n\n<figure class=\"wp-block-image size-full\"><img loading=\"lazy\" decoding=\"async\" width=\"831\" height=\"726\" src=\"https:\/\/academiacienciasveterinariascyl.com\/noticias\/wp-content\/uploads\/2021\/12\/2.jpg\" alt=\"\" class=\"wp-image-525\" srcset=\"https:\/\/academiacienciasveterinariascyl.com\/noticias\/wp-content\/uploads\/2021\/12\/2.jpg 831w, https:\/\/academiacienciasveterinariascyl.com\/noticias\/wp-content\/uploads\/2021\/12\/2-300x262.jpg 300w, https:\/\/academiacienciasveterinariascyl.com\/noticias\/wp-content\/uploads\/2021\/12\/2-768x671.jpg 768w\" sizes=\"(max-width: 831px) 100vw, 831px\" \/><\/figure>\n\n\n\n<p><br>En nombre de la Academia, la presentaci\u00f3n corresponde al Acad\u00e9mico de N\u00famero,<br><strong>Excmo. Sr. Dr. D. Luis Alberto Calvo S\u00e1ez<\/strong><\/p>\n\n\n\n<figure class=\"wp-block-image size-full\"><img loading=\"lazy\" decoding=\"async\" width=\"831\" height=\"726\" src=\"https:\/\/academiacienciasveterinariascyl.com\/noticias\/wp-content\/uploads\/2021\/12\/1-1.jpg\" alt=\"\" class=\"wp-image-529\" srcset=\"https:\/\/academiacienciasveterinariascyl.com\/noticias\/wp-content\/uploads\/2021\/12\/1-1.jpg 831w, https:\/\/academiacienciasveterinariascyl.com\/noticias\/wp-content\/uploads\/2021\/12\/1-1-300x262.jpg 300w, https:\/\/academiacienciasveterinariascyl.com\/noticias\/wp-content\/uploads\/2021\/12\/1-1-768x671.jpg 768w\" sizes=\"(max-width: 831px) 100vw, 831px\" \/><\/figure>\n\n\n\n<p><br>El Acto se celebr\u00f3 el  15 de diciembre de 2021 a las 18:00 horas en el Paraninfo Gord\u00f3n<br>Ord\u00e1s del Edificio \u2018El Albeitar\u2019, de la Universidad de Le\u00f3n<\/p>\n\n\n\n<p><\/p>\n\n\n","protected":false},"excerpt":{"rendered":"<p>V\u00cdDEO CONFERENCIA Toma de Posesi\u00f3n del Acad\u00e9mico Correspondiente, Dr. D. Rufino Rivero Hern\u00e1ndez. Quien pronunci\u00f3 la conferencia titulada: \u201cEl veterinario en los espect\u00e1culos taurinos. Referencias&hellip;<\/p>\n","protected":false},"author":1,"featured_media":527,"comment_status":"open","ping_status":"open","sticky":false,"template":"","format":"standard","meta":{"footnotes":""},"categories":[1],"tags":[],"_links":{"self":[{"href":"https:\/\/academiacienciasveterinariascyl.com\/noticias\/wp-json\/wp\/v2\/posts\/523"}],"collection":[{"href":"https:\/\/academiacienciasveterinariascyl.com\/noticias\/wp-json\/wp\/v2\/posts"}],"about":[{"href":"https:\/\/academiacienciasveterinariascyl.com\/noticias\/wp-json\/wp\/v2\/types\/post"}],"author":[{"embeddable":true,"href":"https:\/\/academiacienciasveterinariascyl.com\/noticias\/wp-json\/wp\/v2\/users\/1"}],"replies":[{"embeddable":true,"href":"https:\/\/academiacienciasveterinariascyl.com\/noticias\/wp-json\/wp\/v2\/comments?post=523"}],"version-history":[{"count":5,"href":"https:\/\/academiacienciasveterinariascyl.com\/noticias\/wp-json\/wp\/v2\/posts\/523\/revisions"}],"predecessor-version":[{"id":541,"href":"https:\/\/academiacienciasveterinariascyl.com\/noticias\/wp-json\/wp\/v2\/posts\/523\/revisions\/541"}],"wp:featuredmedia":[{"embeddable":true,"href":"https:\/\/academiacienciasveterinariascyl.com\/noticias\/wp-json\/wp\/v2\/media\/527"}],"wp:attachment":[{"href":"https:\/\/academiacienciasveterinariascyl.com\/noticias\/wp-json\/wp\/v2\/media?parent=523"}],"wp:term":[{"taxonomy":"category","embeddable":true,"href":"https:\/\/academiacienciasveterinariascyl.com\/noticias\/wp-json\/wp\/v2\/categories?post=523"},{"taxonomy":"post_tag","embeddable":true,"href":"https:\/\/academiacienciasveterinariascyl.com\/noticias\/wp-json\/wp\/v2\/tags?post=523"}],"curies":[{"name":"wp","href":"https:\/\/api.w.org\/{rel}","templated":true}]}}