{"id":516,"date":"2021-11-24T10:47:00","date_gmt":"2021-11-24T10:47:00","guid":{"rendered":"http:\/\/academiacienciasveterinariascyl.com\/noticias\/?p=516"},"modified":"2021-12-31T15:12:45","modified_gmt":"2021-12-31T15:12:45","slug":"toma-de-posesion-del-academico-correspondiente-dr-d-raul-manzano-roman","status":"publish","type":"post","link":"https:\/\/academiacienciasveterinariascyl.com\/noticias\/toma-de-posesion-del-academico-correspondiente-dr-d-raul-manzano-roman\/","title":{"rendered":"Toma de Posesi\u00f3n del Acad\u00e9mico Correspondiente, Dr. D. Ra\u00fal Manzano Rom\u00e1n"},"content":{"rendered":"\n<p><a href=\"https:\/\/youtu.be\/w7wUl-5pj-0\">V\u00cdDEO CONFERENCIA<\/a><\/p>\n\n\n\n<p><\/p>\n\n\n\n<p><\/p>\n\n\n\n<p>El\u00edas F. Rodr\u00edguez Ferri, Presidente de la Academia de Ciencias Veterinarias de Castilla y Le\u00f3n, tiene el honor de Invitar a Vd. al Acto Solemne de Toma de Posesi\u00f3n del Acad\u00e9mico Correspondiente, <strong>Dr. D. Ra\u00fal Manzano Rom\u00e1n.<\/strong><\/p>\n\n\n\n<figure class=\"wp-block-image size-large\"><img loading=\"lazy\" decoding=\"async\" width=\"1024\" height=\"683\" src=\"https:\/\/academiacienciasveterinariascyl.com\/noticias\/wp-content\/uploads\/2021\/12\/francisco-rojo-vazquez-academia-ciencias-veterinarias-1024x683.jpg\" alt=\"\" class=\"wp-image-517\" srcset=\"https:\/\/academiacienciasveterinariascyl.com\/noticias\/wp-content\/uploads\/2021\/12\/francisco-rojo-vazquez-academia-ciencias-veterinarias-1024x683.jpg 1024w, https:\/\/academiacienciasveterinariascyl.com\/noticias\/wp-content\/uploads\/2021\/12\/francisco-rojo-vazquez-academia-ciencias-veterinarias-300x200.jpg 300w, https:\/\/academiacienciasveterinariascyl.com\/noticias\/wp-content\/uploads\/2021\/12\/francisco-rojo-vazquez-academia-ciencias-veterinarias-768x512.jpg 768w, https:\/\/academiacienciasveterinariascyl.com\/noticias\/wp-content\/uploads\/2021\/12\/francisco-rojo-vazquez-academia-ciencias-veterinarias.jpg 1088w\" sizes=\"(max-width: 1024px) 100vw, 1024px\" \/><\/figure>\n\n\n\n<p>En nombre de la Academia, la presentaci\u00f3n corresponde al Acad\u00e9mico de N\u00famero, Excmo. <strong>Sr. Dr. D. Francisco Rojo V\u00e1zquez.<\/strong><\/p>\n\n\n\n<figure class=\"wp-block-image size-large\"><img loading=\"lazy\" decoding=\"async\" width=\"1024\" height=\"683\" src=\"https:\/\/academiacienciasveterinariascyl.com\/noticias\/wp-content\/uploads\/2021\/12\/entrega-diplama-a-Raul-Manzano-Roman-1024x683.jpg\" alt=\"\" class=\"wp-image-518\" srcset=\"https:\/\/academiacienciasveterinariascyl.com\/noticias\/wp-content\/uploads\/2021\/12\/entrega-diplama-a-Raul-Manzano-Roman-1024x683.jpg 1024w, https:\/\/academiacienciasveterinariascyl.com\/noticias\/wp-content\/uploads\/2021\/12\/entrega-diplama-a-Raul-Manzano-Roman-300x200.jpg 300w, https:\/\/academiacienciasveterinariascyl.com\/noticias\/wp-content\/uploads\/2021\/12\/entrega-diplama-a-Raul-Manzano-Roman-768x512.jpg 768w, https:\/\/academiacienciasveterinariascyl.com\/noticias\/wp-content\/uploads\/2021\/12\/entrega-diplama-a-Raul-Manzano-Roman.jpg 1088w\" sizes=\"(max-width: 1024px) 100vw, 1024px\" \/><\/figure>\n\n\n\n<p>Quien pronunci\u00f3 la conferencia titulada:<br>\u201cSoluciones basadas en nanotecnolog\u00eda frente a pat\u00f3genos:<br>una necesidad en la perspectiva One Health\u201d<\/p>\n\n\n\n<figure class=\"wp-block-image size-large\"><img loading=\"lazy\" decoding=\"async\" width=\"1024\" height=\"683\" src=\"https:\/\/academiacienciasveterinariascyl.com\/noticias\/wp-content\/uploads\/2021\/12\/toma-de-posesion-Raul-Manzano-Roman-1024x683.jpg\" alt=\"\" class=\"wp-image-519\" srcset=\"https:\/\/academiacienciasveterinariascyl.com\/noticias\/wp-content\/uploads\/2021\/12\/toma-de-posesion-Raul-Manzano-Roman-1024x683.jpg 1024w, https:\/\/academiacienciasveterinariascyl.com\/noticias\/wp-content\/uploads\/2021\/12\/toma-de-posesion-Raul-Manzano-Roman-300x200.jpg 300w, https:\/\/academiacienciasveterinariascyl.com\/noticias\/wp-content\/uploads\/2021\/12\/toma-de-posesion-Raul-Manzano-Roman-768x512.jpg 768w, https:\/\/academiacienciasveterinariascyl.com\/noticias\/wp-content\/uploads\/2021\/12\/toma-de-posesion-Raul-Manzano-Roman.jpg 1088w\" sizes=\"(max-width: 1024px) 100vw, 1024px\" \/><\/figure>\n\n\n\n<p>El Acto se celebr\u00f3 el 24 de noviembre de 2021 a las 18:00 horas en el Paraninfo Gord\u00f3n Ord\u00e1s del Edificio \u2018El Albeitar\u2019, de la Universidad de Le\u00f3n.<\/p>\n\n\n\n<p><\/p>\n","protected":false},"excerpt":{"rendered":"<p>V\u00cdDEO CONFERENCIA El\u00edas F. Rodr\u00edguez Ferri, Presidente de la Academia de Ciencias Veterinarias de Castilla y Le\u00f3n, tiene el honor de Invitar a Vd. al&hellip;<\/p>\n","protected":false},"author":1,"featured_media":521,"comment_status":"open","ping_status":"open","sticky":false,"template":"","format":"standard","meta":{"footnotes":""},"categories":[1],"tags":[],"_links":{"self":[{"href":"https:\/\/academiacienciasveterinariascyl.com\/noticias\/wp-json\/wp\/v2\/posts\/516"}],"collection":[{"href":"https:\/\/academiacienciasveterinariascyl.com\/noticias\/wp-json\/wp\/v2\/posts"}],"about":[{"href":"https:\/\/academiacienciasveterinariascyl.com\/noticias\/wp-json\/wp\/v2\/types\/post"}],"author":[{"embeddable":true,"href":"https:\/\/academiacienciasveterinariascyl.com\/noticias\/wp-json\/wp\/v2\/users\/1"}],"replies":[{"embeddable":true,"href":"https:\/\/academiacienciasveterinariascyl.com\/noticias\/wp-json\/wp\/v2\/comments?post=516"}],"version-history":[{"count":5,"href":"https:\/\/academiacienciasveterinariascyl.com\/noticias\/wp-json\/wp\/v2\/posts\/516\/revisions"}],"predecessor-version":[{"id":537,"href":"https:\/\/academiacienciasveterinariascyl.com\/noticias\/wp-json\/wp\/v2\/posts\/516\/revisions\/537"}],"wp:featuredmedia":[{"embeddable":true,"href":"https:\/\/academiacienciasveterinariascyl.com\/noticias\/wp-json\/wp\/v2\/media\/521"}],"wp:attachment":[{"href":"https:\/\/academiacienciasveterinariascyl.com\/noticias\/wp-json\/wp\/v2\/media?parent=516"}],"wp:term":[{"taxonomy":"category","embeddable":true,"href":"https:\/\/academiacienciasveterinariascyl.com\/noticias\/wp-json\/wp\/v2\/categories?post=516"},{"taxonomy":"post_tag","embeddable":true,"href":"https:\/\/academiacienciasveterinariascyl.com\/noticias\/wp-json\/wp\/v2\/tags?post=516"}],"curies":[{"name":"wp","href":"https:\/\/api.w.org\/{rel}","templated":true}]}}