{"id":459,"date":"2021-09-25T17:27:39","date_gmt":"2021-09-25T17:27:39","guid":{"rendered":"http:\/\/academiacienciasveterinariascyl.com\/noticias\/?p=459"},"modified":"2021-10-04T14:37:34","modified_gmt":"2021-10-04T14:37:34","slug":"leonoticias-las-academias-veterinarias-de-espana-se-citan-en-leon-en-busca-de-colaboracion-europea-bajo-el-lema-mirando-al-futuro","status":"publish","type":"post","link":"https:\/\/academiacienciasveterinariascyl.com\/noticias\/leonoticias-las-academias-veterinarias-de-espana-se-citan-en-leon-en-busca-de-colaboracion-europea-bajo-el-lema-mirando-al-futuro\/","title":{"rendered":"LEONOTICIAS &#8216; Las academias veterinarias de Espa\u00f1a se citan en Le\u00f3n en busca de colaboraci\u00f3n europea Bajo el lema &#8216;Mirando al futuro&#8217;"},"content":{"rendered":"\n<p>la Universidad de Le\u00f3n acoge a los m\u00e1s prestigiosos cient\u00edficos que abordar\u00e1n asuntos de actualidad como la actual pandemia | El consejero de Agricultura, Jes\u00fas Julio Carnero, apuesta por la colaboraci\u00f3n entre administraciones, ganaderos y veterinarios para \u00abaumentar la rentabilidad de una actividad clave en la comunidad\u00bb<\/p>\n\n\n\n<figure class=\"wp-block-image size-large\"><img loading=\"lazy\" decoding=\"async\" width=\"624\" height=\"385\" src=\"https:\/\/academiacienciasveterinariascyl.com\/noticias\/wp-content\/uploads\/2021\/09\/leonoticias-noticia.jpg\" alt=\"\" class=\"wp-image-467\" srcset=\"https:\/\/academiacienciasveterinariascyl.com\/noticias\/wp-content\/uploads\/2021\/09\/leonoticias-noticia.jpg 624w, https:\/\/academiacienciasveterinariascyl.com\/noticias\/wp-content\/uploads\/2021\/09\/leonoticias-noticia-300x185.jpg 300w\" sizes=\"(max-width: 624px) 100vw, 624px\" \/><\/figure>\n\n\n\n<p><strong>La ciencia se da cita en Le\u00f3n<\/strong>. La Universidad acoge la <strong>V Asamblea General de Academias Veterinarias de Espa\u00f1a<\/strong>, una cita que bajo el lema &#8216;Mirando al futuro&#8217; buscar\u00e1 dar soluciones a los problemas m\u00e1s acuciantes que presenta el sector y abordar asuntos de plena actualidad como la pandemia y la colaboraci\u00f3n europea entre administradores y cient\u00edficos.<\/p>\n\n\n\n<p>El <strong>consejero de Agricultura, Jes\u00fas Julio Carnero<\/strong>, ha acompa\u00f1ado en la presentaci\u00f3n de esta congreso de referencia a los presidentes de las academias tanto de Castilla y Le\u00f3n, El\u00edas Rodr\u00edguez Ferri, como a nivel nacional, Arturo Anad\u00f3n, poniendo de relieve la <strong>importancia de su trabajo para el sector.<\/strong><\/p>\n\n\n\n<p>\u00abLa ganader\u00eda en Castilla y Le\u00f3n <strong>es una actividad fundamental <\/strong>y la vinculaci\u00f3n entre ganaderos y veterinarios es tan importante como con la administraci\u00f3n\u00bb, ha se\u00f1alado el consejero, que ha mostrado la importancia de <strong>crear sinergias <\/strong>entre los distintos niveles de la cadena con el objetivo de \u00abaumentar la rentabilidad y garantizar la seguridad\u00bb.<\/p>\n\n\n\n<h3 class=\"wp-block-heading\">Una agencia para dar respuesta a futuras pandemias<\/h3>\n\n\n\n<p>Por su parte Rodr\u00edguez Ferri ha puesto de manifiesto la importancia del sector veterinario durante la pandemia originada, precisamente, por un pat\u00f3geno de origen animal, y ha pedido colaboraci\u00f3n en el marco de la Uni\u00f3n Europea bajo la <strong>agencia One health<\/strong>. \u00abSuena t\u00f3pico pero <strong>los veterinarios por formaci\u00f3n siempre hemos trabajado con al presencia de zoonosis <\/strong>como el caso de la covid y <strong>reclamamos esa participaci\u00f3n <\/strong>con los profesionales de la sanidad\u00bb.<\/p>\n\n\n\n<p><a rel=\"noreferrer noopener\" href=\"https:\/\/www.leonoticias.com\/universidad\/academias-veterinarias-espana-cita-leon-20210924104128-nt.html\" target=\"_blank\">VER NOTICIA COMPLETA<\/a><\/p>\n","protected":false},"excerpt":{"rendered":"<p>la Universidad de Le\u00f3n acoge a los m\u00e1s prestigiosos cient\u00edficos que abordar\u00e1n asuntos de actualidad como la actual pandemia | El consejero de Agricultura, Jes\u00fas&hellip;<\/p>\n","protected":false},"author":1,"featured_media":460,"comment_status":"open","ping_status":"open","sticky":false,"template":"","format":"standard","meta":{"footnotes":""},"categories":[1],"tags":[],"_links":{"self":[{"href":"https:\/\/academiacienciasveterinariascyl.com\/noticias\/wp-json\/wp\/v2\/posts\/459"}],"collection":[{"href":"https:\/\/academiacienciasveterinariascyl.com\/noticias\/wp-json\/wp\/v2\/posts"}],"about":[{"href":"https:\/\/academiacienciasveterinariascyl.com\/noticias\/wp-json\/wp\/v2\/types\/post"}],"author":[{"embeddable":true,"href":"https:\/\/academiacienciasveterinariascyl.com\/noticias\/wp-json\/wp\/v2\/users\/1"}],"replies":[{"embeddable":true,"href":"https:\/\/academiacienciasveterinariascyl.com\/noticias\/wp-json\/wp\/v2\/comments?post=459"}],"version-history":[{"count":3,"href":"https:\/\/academiacienciasveterinariascyl.com\/noticias\/wp-json\/wp\/v2\/posts\/459\/revisions"}],"predecessor-version":[{"id":496,"href":"https:\/\/academiacienciasveterinariascyl.com\/noticias\/wp-json\/wp\/v2\/posts\/459\/revisions\/496"}],"wp:featuredmedia":[{"embeddable":true,"href":"https:\/\/academiacienciasveterinariascyl.com\/noticias\/wp-json\/wp\/v2\/media\/460"}],"wp:attachment":[{"href":"https:\/\/academiacienciasveterinariascyl.com\/noticias\/wp-json\/wp\/v2\/media?parent=459"}],"wp:term":[{"taxonomy":"category","embeddable":true,"href":"https:\/\/academiacienciasveterinariascyl.com\/noticias\/wp-json\/wp\/v2\/categories?post=459"},{"taxonomy":"post_tag","embeddable":true,"href":"https:\/\/academiacienciasveterinariascyl.com\/noticias\/wp-json\/wp\/v2\/tags?post=459"}],"curies":[{"name":"wp","href":"https:\/\/api.w.org\/{rel}","templated":true}]}}