{"id":455,"date":"2021-09-06T04:57:00","date_gmt":"2021-09-06T04:57:00","guid":{"rendered":"http:\/\/academiacienciasveterinariascyl.com\/noticias\/?p=455"},"modified":"2021-09-24T05:11:14","modified_gmt":"2021-09-24T05:11:14","slug":"va-asamblea-y-encuentro-cientifico-academias-de-ciencias-veterinarias-de-espana-mirando-al-futuro","status":"publish","type":"post","link":"https:\/\/academiacienciasveterinariascyl.com\/noticias\/va-asamblea-y-encuentro-cientifico-academias-de-ciencias-veterinarias-de-espana-mirando-al-futuro\/","title":{"rendered":"V\u00aa ASAMBLEA Y ENCUENTRO CIENT\u00cdFICO ACADEMIAS DE CIENCIAS VETERINARIAS DE ESPA\u00d1A \u201cMIRANDO AL FUTURO\u201d"},"content":{"rendered":"\n<p><strong>LE\u00d3N, 23-25 de septiembre de 2021<\/strong><\/p>\n\n\n\n<p><a href=\"http:\/\/academiacienciasveterinariascyl.com\/pdf\/V%20ASAMBLEA%20programa.pdf\" target=\"_blank\" rel=\"noreferrer noopener\">DESCARGAR PROGRAMA<\/a><\/p>\n\n\n\n<p><strong>23 DE SEPTIEMBRE<\/strong><br>Bienvenida a Le\u00f3n<br>20:30-21:00<br>Recepci\u00f3n en la Excma Diputaci\u00f3n Provincial de Le\u00f3n<br><\/p>\n\n\n\n<p><strong>24 DE SEPTIEMBRE<\/strong><br>9:00-9:30<br>Acreditaci\u00f3n y entrega de documentaci\u00f3n<br>9:30-11:30<\/p>\n\n\n\n<p><br><strong>ASAMBLEA DE LAS ACADEMIAS DE CIENCIAS<\/strong><br><strong>VETERINARIAS DE ESPA\u00d1A (exclusivamente acad\u00e9micos)<\/strong><br>11:30-11:45. Descanso<\/p>\n\n\n\n<p><br><strong>ENCUENTRO CIENT\u00cdFICO ACADEMIAS<br>SESI\u00d3N DE MA\u00d1ANA<br>INAUGURACI\u00d3N<\/strong><\/p>\n\n\n\n<p><br>Sr. Rector de la Universidad de Le\u00f3n. Sr. Consejero de Agricultura y Ganader\u00eda. Junta de<br>Castilla y Le\u00f3n. Sr. Sr Presidente de la Organizaci\u00f3n Colegial Veterinaria de Espa\u00f1a.<br>Presidente de la Real Academia de Ciencias Veterinarias de Espa\u00f1a (RACVE). Presidente<br>de la Academia de Ciencias Veterinarias de Castilla y Le\u00f3n (AVETCyL). Autoridades<br>Provinciales y Locales<br>Intervenciones Inauguraci\u00f3n: 11:45-12:10:<br>12:10-12:35: Presidente de RACVE<br>12:35-13:00: Presidente de AVETCyL. \u201cCiencias Veterinarias. Mirando al Futuro\u201d<\/p>\n\n\n\n<p><br><strong>PONENCIAS<\/strong><br>13:00-13:45<br>\u201cEnfoque legal de la Sanidad Animal en la UE: garant\u00eda de niveles elevados<br>de Salud P\u00fablica, Zoosanitarios y de Desarrollo racional de los Sectores<br>Agropecuario y Acu\u00edcola en la Uni\u00f3n\u201d.<br>Dra Olga M\u00ednguez Gonz\u00e1lez<br>Jefa del Servicio de Sanidad Animal. Junta de Castilla y Le\u00f3n. Acad\u00e9mica<br>Correspondiente Academia de Ciencias Veterinarias de Castilla y Le\u00f3n (AVETCyL)<\/p>\n\n\n\n<p><br><strong>SESI\u00d3N DE TARDE<br><\/strong><\/p>\n\n\n\n<p><strong>PONENCIAS<\/strong><br>16:30-17:15<br>\u201cRural vac\u00edo y razas aut\u00f3ctonas\u201d<br>Dr. Castor Jos\u00e9 Rivero Mart\u00ednez.<br>Jefe de Servicio de Recursos Zoogen\u00e9ticos de Galicia. Xunta de Galicia.<br>Acad\u00e9mico de N\u00famero de la Academia de Ciencias Veterinarias de Galicia (ACVG).<\/p>\n\n\n\n<p><br>17:15-18:00<br>\u201cCiencias Veterinarias y alimentos tradicionales. Del pasado al futuro\u201d<br>Prof. Dr. Francisco Javier Carballo Garc\u00eda<br>Catedr\u00e1tico de Tecnolog\u00eda de los Alimentos. Universidad de Vigo. Acad\u00e9mico<br>Correspondiente de la Academia de Ciencias Veterinarias de Castilla y Le\u00f3n<br>(AVETCyL)<\/p>\n\n\n\n<p><br>18:00-18:45<br>\u201cCiencia y creatividad, y viceversa\u201d.<br>Dr. Luis Alberto Calvo S\u00e1ez<br>Acad\u00e9mico de N\u00famero, Vicepresidente de la Academia de Ciencias Veterinarias de Castilla<br>y Le\u00f3n (AVETCyL). Presidente de la Organizaci\u00f3n Colegial Veterinaria de Espa\u00f1a (OCVE)<\/p>\n\n\n\n<p><br>19:00<br>Clausura<br>Presidente de RACVE, Presidente de la OCVE, Presidente de AVETCyL.<br>Otras autoridades<\/p>\n\n\n\n<p><br>21:00<br>Cena en la Real Colegiata de San Isidoro<\/p>\n\n\n\n<p><br><strong>25 DE SEPTIEMBRE<\/strong><br>Recepci\u00f3n en el Ilmo. Ayuntamiento de Astorga<br>Palabras del Sr. Alcalde<br>Visita a Astorga y almuerzo tradicional de despedida<\/p>\n","protected":false},"excerpt":{"rendered":"<p>LE\u00d3N, 23-25 de septiembre de 2021 DESCARGAR PROGRAMA 23 DE SEPTIEMBREBienvenida a Le\u00f3n20:30-21:00Recepci\u00f3n en la Excma Diputaci\u00f3n Provincial de Le\u00f3n 24 DE SEPTIEMBRE9:00-9:30Acreditaci\u00f3n y entrega&hellip;<\/p>\n","protected":false},"author":1,"featured_media":75,"comment_status":"open","ping_status":"open","sticky":false,"template":"","format":"standard","meta":{"footnotes":""},"categories":[1],"tags":[],"_links":{"self":[{"href":"https:\/\/academiacienciasveterinariascyl.com\/noticias\/wp-json\/wp\/v2\/posts\/455"}],"collection":[{"href":"https:\/\/academiacienciasveterinariascyl.com\/noticias\/wp-json\/wp\/v2\/posts"}],"about":[{"href":"https:\/\/academiacienciasveterinariascyl.com\/noticias\/wp-json\/wp\/v2\/types\/post"}],"author":[{"embeddable":true,"href":"https:\/\/academiacienciasveterinariascyl.com\/noticias\/wp-json\/wp\/v2\/users\/1"}],"replies":[{"embeddable":true,"href":"https:\/\/academiacienciasveterinariascyl.com\/noticias\/wp-json\/wp\/v2\/comments?post=455"}],"version-history":[{"count":3,"href":"https:\/\/academiacienciasveterinariascyl.com\/noticias\/wp-json\/wp\/v2\/posts\/455\/revisions"}],"predecessor-version":[{"id":458,"href":"https:\/\/academiacienciasveterinariascyl.com\/noticias\/wp-json\/wp\/v2\/posts\/455\/revisions\/458"}],"wp:featuredmedia":[{"embeddable":true,"href":"https:\/\/academiacienciasveterinariascyl.com\/noticias\/wp-json\/wp\/v2\/media\/75"}],"wp:attachment":[{"href":"https:\/\/academiacienciasveterinariascyl.com\/noticias\/wp-json\/wp\/v2\/media?parent=455"}],"wp:term":[{"taxonomy":"category","embeddable":true,"href":"https:\/\/academiacienciasveterinariascyl.com\/noticias\/wp-json\/wp\/v2\/categories?post=455"},{"taxonomy":"post_tag","embeddable":true,"href":"https:\/\/academiacienciasveterinariascyl.com\/noticias\/wp-json\/wp\/v2\/tags?post=455"}],"curies":[{"name":"wp","href":"https:\/\/api.w.org\/{rel}","templated":true}]}}