{"id":448,"date":"2021-06-08T14:08:00","date_gmt":"2021-06-08T14:08:00","guid":{"rendered":"http:\/\/academiacienciasveterinariascyl.com\/noticias\/?p=448"},"modified":"2021-06-28T14:57:39","modified_gmt":"2021-06-28T14:57:39","slug":"conferencica-aspectos-actuales-de-la-endocarditis-infecciosa-en-el-perro","status":"publish","type":"post","link":"https:\/\/academiacienciasveterinariascyl.com\/noticias\/conferencica-aspectos-actuales-de-la-endocarditis-infecciosa-en-el-perro\/","title":{"rendered":"Conferencia \u201cAspectos actuales de la endocarditis infecciosa en el perro\u201d"},"content":{"rendered":"\n<p><a rel=\"noreferrer noopener\" href=\"https:\/\/www.youtube.com\/watch?v=rXFMhX3cmmA\" target=\"_blank\">VER V\u00cdDEO CONFERENCIA<\/a><\/p>\n\n\n\n<p><br>Conferencia  pronunciada por  la Acad\u00e9mica de N\u00famero<\/p>\n\n\n\n<p><br>Prof\u00aa D\u00f1a. Inmaculada D\u00edez Prieto, titulada:<br>\u201cA<strong>spectos actuales de la endocarditis infecciosa en el perro\u201d<\/strong>.<\/p>\n\n\n\n<p><br>El Acto se celebr\u00f3 el  16 de junio de 2021, a las 18:00 horas en el Paraninfo Gord\u00f3n Ord\u00e1s del Edificio \u201cEl Albeitar\u201d, de la Universidad de Le\u00f3n.<br><br><\/p>\n","protected":false},"excerpt":{"rendered":"<p>VER V\u00cdDEO CONFERENCIA Conferencia pronunciada por la Acad\u00e9mica de N\u00famero Prof\u00aa D\u00f1a. Inmaculada D\u00edez Prieto, titulada:\u201cAspectos actuales de la endocarditis infecciosa en el perro\u201d. El&hellip;<\/p>\n","protected":false},"author":1,"featured_media":75,"comment_status":"open","ping_status":"open","sticky":false,"template":"","format":"standard","meta":{"footnotes":""},"categories":[1],"tags":[],"_links":{"self":[{"href":"https:\/\/academiacienciasveterinariascyl.com\/noticias\/wp-json\/wp\/v2\/posts\/448"}],"collection":[{"href":"https:\/\/academiacienciasveterinariascyl.com\/noticias\/wp-json\/wp\/v2\/posts"}],"about":[{"href":"https:\/\/academiacienciasveterinariascyl.com\/noticias\/wp-json\/wp\/v2\/types\/post"}],"author":[{"embeddable":true,"href":"https:\/\/academiacienciasveterinariascyl.com\/noticias\/wp-json\/wp\/v2\/users\/1"}],"replies":[{"embeddable":true,"href":"https:\/\/academiacienciasveterinariascyl.com\/noticias\/wp-json\/wp\/v2\/comments?post=448"}],"version-history":[{"count":5,"href":"https:\/\/academiacienciasveterinariascyl.com\/noticias\/wp-json\/wp\/v2\/posts\/448\/revisions"}],"predecessor-version":[{"id":453,"href":"https:\/\/academiacienciasveterinariascyl.com\/noticias\/wp-json\/wp\/v2\/posts\/448\/revisions\/453"}],"wp:featuredmedia":[{"embeddable":true,"href":"https:\/\/academiacienciasveterinariascyl.com\/noticias\/wp-json\/wp\/v2\/media\/75"}],"wp:attachment":[{"href":"https:\/\/academiacienciasveterinariascyl.com\/noticias\/wp-json\/wp\/v2\/media?parent=448"}],"wp:term":[{"taxonomy":"category","embeddable":true,"href":"https:\/\/academiacienciasveterinariascyl.com\/noticias\/wp-json\/wp\/v2\/categories?post=448"},{"taxonomy":"post_tag","embeddable":true,"href":"https:\/\/academiacienciasveterinariascyl.com\/noticias\/wp-json\/wp\/v2\/tags?post=448"}],"curies":[{"name":"wp","href":"https:\/\/api.w.org\/{rel}","templated":true}]}}