{"id":437,"date":"2021-05-05T14:50:00","date_gmt":"2021-05-05T14:50:00","guid":{"rendered":"http:\/\/academiacienciasveterinariascyl.com\/noticias\/?p=437"},"modified":"2021-05-21T16:30:09","modified_gmt":"2021-05-21T16:30:09","slug":"la-ganaderia-y-el-lobo-mesa-redonda","status":"publish","type":"post","link":"https:\/\/academiacienciasveterinariascyl.com\/noticias\/la-ganaderia-y-el-lobo-mesa-redonda\/","title":{"rendered":"La Ganader\u00eda y el Lobo (Mesa redonda)"},"content":{"rendered":"\n<figure class=\"wp-block-image size-large is-resized\"><img loading=\"lazy\" decoding=\"async\" src=\"https:\/\/academiacienciasveterinariascyl.com\/noticias\/wp-content\/uploads\/2021\/05\/mesa-redonda-1024x512.jpg\" alt=\"\" class=\"wp-image-438\" width=\"768\" height=\"384\" srcset=\"https:\/\/academiacienciasveterinariascyl.com\/noticias\/wp-content\/uploads\/2021\/05\/mesa-redonda-1024x512.jpg 1024w, https:\/\/academiacienciasveterinariascyl.com\/noticias\/wp-content\/uploads\/2021\/05\/mesa-redonda-300x150.jpg 300w, https:\/\/academiacienciasveterinariascyl.com\/noticias\/wp-content\/uploads\/2021\/05\/mesa-redonda-768x384.jpg 768w, https:\/\/academiacienciasveterinariascyl.com\/noticias\/wp-content\/uploads\/2021\/05\/mesa-redonda-1536x768.jpg 1536w, https:\/\/academiacienciasveterinariascyl.com\/noticias\/wp-content\/uploads\/2021\/05\/mesa-redonda.jpg 1968w\" sizes=\"(max-width: 768px) 100vw, 768px\" \/><\/figure>\n\n\n\n<p>La Academia de Ciencias Veterinarias de Castilla y Le\u00f3n (AVETCyL) les invita a  la Mesa Redonda sobre:<\/p>\n\n\n\n<p><a href=\"https:\/\/www.youtube.com\/watch?v=DANOgJCGqQY\" target=\"_blank\" rel=\"noreferrer noopener\">VER VIDEO<\/a><br><\/p>\n\n\n\n<p>La Ganader\u00eda y el Lobo que se celebr\u00f3 el 12 de mayo de 2021 en el Paraninfo de la Facultad de Veterinaria de la Universidad de Le\u00f3n a las 18:00 horas.<\/p>\n\n\n\n<figure class=\"wp-block-image size-large\"><img loading=\"lazy\" decoding=\"async\" width=\"1024\" height=\"495\" src=\"https:\/\/academiacienciasveterinariascyl.com\/noticias\/wp-content\/uploads\/2021\/05\/conferencia-sobre-el-lobo-1024x495.jpg\" alt=\"\" class=\"wp-image-445\" srcset=\"https:\/\/academiacienciasveterinariascyl.com\/noticias\/wp-content\/uploads\/2021\/05\/conferencia-sobre-el-lobo-1024x495.jpg 1024w, https:\/\/academiacienciasveterinariascyl.com\/noticias\/wp-content\/uploads\/2021\/05\/conferencia-sobre-el-lobo-300x145.jpg 300w, https:\/\/academiacienciasveterinariascyl.com\/noticias\/wp-content\/uploads\/2021\/05\/conferencia-sobre-el-lobo-768x371.jpg 768w, https:\/\/academiacienciasveterinariascyl.com\/noticias\/wp-content\/uploads\/2021\/05\/conferencia-sobre-el-lobo-1536x742.jpg 1536w, https:\/\/academiacienciasveterinariascyl.com\/noticias\/wp-content\/uploads\/2021\/05\/conferencia-sobre-el-lobo.jpg 1799w\" sizes=\"(max-width: 1024px) 100vw, 1024px\" \/><\/figure>\n\n\n\n<p><br>Preside el Acto. Sr. Consejero de Fomento y Medio Ambiente de la Junta de Castilla y Le\u00f3n<br><\/p>\n\n\n\n<p>Intervienen:<br>Sr. Consejero de Fomento y Medio Ambiente, D. Juan Carlos Su\u00e1rez Qui\u00f1ones<br>Sr. Presidente de la Organizaci\u00f3n Colegial Veterinaria de Espa\u00f1a , Dr. D. Luis Alberto Calvo S\u00e1ez y acad\u00e9mico AVETCyL<\/p>\n\n\n\n<figure class=\"wp-block-image size-large\"><img loading=\"lazy\" decoding=\"async\" width=\"1024\" height=\"540\" src=\"https:\/\/academiacienciasveterinariascyl.com\/noticias\/wp-content\/uploads\/2021\/05\/conferencia-academia-sobre-el-lobo--1024x540.jpg\" alt=\"\" class=\"wp-image-446\" srcset=\"https:\/\/academiacienciasveterinariascyl.com\/noticias\/wp-content\/uploads\/2021\/05\/conferencia-academia-sobre-el-lobo--1024x540.jpg 1024w, https:\/\/academiacienciasveterinariascyl.com\/noticias\/wp-content\/uploads\/2021\/05\/conferencia-academia-sobre-el-lobo--300x158.jpg 300w, https:\/\/academiacienciasveterinariascyl.com\/noticias\/wp-content\/uploads\/2021\/05\/conferencia-academia-sobre-el-lobo--768x405.jpg 768w, https:\/\/academiacienciasveterinariascyl.com\/noticias\/wp-content\/uploads\/2021\/05\/conferencia-academia-sobre-el-lobo--1536x809.jpg 1536w, https:\/\/academiacienciasveterinariascyl.com\/noticias\/wp-content\/uploads\/2021\/05\/conferencia-academia-sobre-el-lobo-.jpg 1799w\" sizes=\"(max-width: 1024px) 100vw, 1024px\" \/><\/figure>\n\n\n\n<p><br>Prof. D. Vicente Gonz\u00e1lez Eguren, de la Facultad de Veterinaria de Le\u00f3n y acad\u00e9mico AVETCyL<\/p>\n\n\n\n<p><br>Modera:<br>Prof. D. El\u00edas Fernando Rodr\u00edguez Ferri, Presidente de AVETCyL<\/p>\n\n\n\n<p><\/p>\n\n\n\n<p><\/p>\n","protected":false},"excerpt":{"rendered":"<p>La Academia de Ciencias Veterinarias de Castilla y Le\u00f3n (AVETCyL) les invita a la Mesa Redonda sobre: VER VIDEO La Ganader\u00eda y el Lobo que&hellip;<\/p>\n","protected":false},"author":1,"featured_media":75,"comment_status":"closed","ping_status":"closed","sticky":false,"template":"","format":"standard","meta":{"footnotes":""},"categories":[1],"tags":[],"_links":{"self":[{"href":"https:\/\/academiacienciasveterinariascyl.com\/noticias\/wp-json\/wp\/v2\/posts\/437"}],"collection":[{"href":"https:\/\/academiacienciasveterinariascyl.com\/noticias\/wp-json\/wp\/v2\/posts"}],"about":[{"href":"https:\/\/academiacienciasveterinariascyl.com\/noticias\/wp-json\/wp\/v2\/types\/post"}],"author":[{"embeddable":true,"href":"https:\/\/academiacienciasveterinariascyl.com\/noticias\/wp-json\/wp\/v2\/users\/1"}],"replies":[{"embeddable":true,"href":"https:\/\/academiacienciasveterinariascyl.com\/noticias\/wp-json\/wp\/v2\/comments?post=437"}],"version-history":[{"count":5,"href":"https:\/\/academiacienciasveterinariascyl.com\/noticias\/wp-json\/wp\/v2\/posts\/437\/revisions"}],"predecessor-version":[{"id":447,"href":"https:\/\/academiacienciasveterinariascyl.com\/noticias\/wp-json\/wp\/v2\/posts\/437\/revisions\/447"}],"wp:featuredmedia":[{"embeddable":true,"href":"https:\/\/academiacienciasveterinariascyl.com\/noticias\/wp-json\/wp\/v2\/media\/75"}],"wp:attachment":[{"href":"https:\/\/academiacienciasveterinariascyl.com\/noticias\/wp-json\/wp\/v2\/media?parent=437"}],"wp:term":[{"taxonomy":"category","embeddable":true,"href":"https:\/\/academiacienciasveterinariascyl.com\/noticias\/wp-json\/wp\/v2\/categories?post=437"},{"taxonomy":"post_tag","embeddable":true,"href":"https:\/\/academiacienciasveterinariascyl.com\/noticias\/wp-json\/wp\/v2\/tags?post=437"}],"curies":[{"name":"wp","href":"https:\/\/api.w.org\/{rel}","templated":true}]}}