{"id":428,"date":"2021-03-03T17:41:45","date_gmt":"2021-03-03T17:41:45","guid":{"rendered":"http:\/\/academiacienciasveterinariascyl.com\/noticias\/?p=428"},"modified":"2021-05-11T14:56:30","modified_gmt":"2021-05-11T14:56:30","slug":"apertura-curso-2021","status":"publish","type":"post","link":"https:\/\/academiacienciasveterinariascyl.com\/noticias\/apertura-curso-2021\/","title":{"rendered":"Apertura Curso 2021"},"content":{"rendered":"\n<p>LA ACADEMIA DE CIENCIAS VETERINARIAS DE CASTILLA Y LE\u00d3N<br>CELEBR\u00d3 EL ACTO DE APERTURA DEL CURSO 2021<\/p>\n\n\n\n<p>VER <a rel=\"noreferrer noopener\" href=\"https:\/\/youtu.be\/QYSXiXU05-k\" target=\"_blank\">VIDEO<\/a><\/p>\n\n\n\n<figure class=\"wp-block-image size-large\"><img loading=\"lazy\" decoding=\"async\" width=\"1024\" height=\"692\" src=\"https:\/\/academiacienciasveterinariascyl.com\/noticias\/wp-content\/uploads\/2021\/03\/entrega-premio-a-don-jose-maturino-diez-vega-1024x692.jpg\" alt=\"\" class=\"wp-image-430\" srcset=\"https:\/\/academiacienciasveterinariascyl.com\/noticias\/wp-content\/uploads\/2021\/03\/entrega-premio-a-don-jose-maturino-diez-vega-1024x692.jpg 1024w, https:\/\/academiacienciasveterinariascyl.com\/noticias\/wp-content\/uploads\/2021\/03\/entrega-premio-a-don-jose-maturino-diez-vega-300x203.jpg 300w, https:\/\/academiacienciasveterinariascyl.com\/noticias\/wp-content\/uploads\/2021\/03\/entrega-premio-a-don-jose-maturino-diez-vega-768x519.jpg 768w, https:\/\/academiacienciasveterinariascyl.com\/noticias\/wp-content\/uploads\/2021\/03\/entrega-premio-a-don-jose-maturino-diez-vega.jpg 1065w\" sizes=\"(max-width: 1024px) 100vw, 1024px\" \/><figcaption>Entrega premio a D. Jos\u00e9 Maturino Diez Vega<\/figcaption><\/figure>\n\n\n\n<p>El acto se desarroll\u00f3 con arreglo al siguiente Programa:<\/p>\n\n\n\n<ol><li>Apertura del Curso 2021, por el Excmo. Sr. Presidente de la Academia<\/li><li>Memoria del Curso 2020, por el Excmo. Sr. Secretario de la Academia<\/li><li>Entrega de los Premios de la Academia de Ciencias Veterinarias de Castilla y Le\u00f3n patrocinados por el Consejo de Castilla y Le\u00f3n de Colegios de Veterinarios y el Colegio Oficial de Veterinarios de Le\u00f3n a D. Jos\u00e9 Maturino Diez Vega.<\/li><li>Lectura del Discurso de Apertura a cargo del Acad\u00e9mico de N\u00famero, Dr. D. Jaime Rojo V\u00e1zquez, que disertar\u00e1 sobre \u00abApuntes historiogr\u00e1ficos sobre el complejo teniosiscisticercosis<br>(Tenia solium\u2010Cysticercus cellulosae y Tenia saginata\u2010Cysticercus bovis)\u00bb<\/li><li>Clausura del Acto, por el Excmo. Sr. Presidente de la Academia<br>El Acto se celebraro, por v\u00eda telem\u00e1tica (plataforma Zoom), el d\u00eda 24 de febrero de 2021, a las 18:00 horas, desde el Paraninfo Gord\u00f3n Ord\u00e1s de la Universidad de Le\u00f3n.<\/li><\/ol>\n\n\n\n<figure class=\"wp-block-image size-large\"><img loading=\"lazy\" decoding=\"async\" width=\"1024\" height=\"694\" src=\"https:\/\/academiacienciasveterinariascyl.com\/noticias\/wp-content\/uploads\/2021\/03\/apertura-curso-2021-1024x694.jpg\" alt=\"\" class=\"wp-image-431\" srcset=\"https:\/\/academiacienciasveterinariascyl.com\/noticias\/wp-content\/uploads\/2021\/03\/apertura-curso-2021-1024x694.jpg 1024w, https:\/\/academiacienciasveterinariascyl.com\/noticias\/wp-content\/uploads\/2021\/03\/apertura-curso-2021-300x203.jpg 300w, https:\/\/academiacienciasveterinariascyl.com\/noticias\/wp-content\/uploads\/2021\/03\/apertura-curso-2021-768x521.jpg 768w, https:\/\/academiacienciasveterinariascyl.com\/noticias\/wp-content\/uploads\/2021\/03\/apertura-curso-2021.jpg 1065w\" sizes=\"(max-width: 1024px) 100vw, 1024px\" \/><figcaption>Discurso de apertura a cargo de Dr. D. Jaime Rojo vazquez<\/figcaption><\/figure>\n\n\n\n<p><\/p>\n","protected":false},"excerpt":{"rendered":"<p>LA ACADEMIA DE CIENCIAS VETERINARIAS DE CASTILLA Y LE\u00d3NCELEBR\u00d3 EL ACTO DE APERTURA DEL CURSO 2021 VER VIDEO El acto se desarroll\u00f3 con arreglo al&hellip;<\/p>\n","protected":false},"author":1,"featured_media":75,"comment_status":"closed","ping_status":"closed","sticky":false,"template":"","format":"standard","meta":{"footnotes":""},"categories":[1],"tags":[],"_links":{"self":[{"href":"https:\/\/academiacienciasveterinariascyl.com\/noticias\/wp-json\/wp\/v2\/posts\/428"}],"collection":[{"href":"https:\/\/academiacienciasveterinariascyl.com\/noticias\/wp-json\/wp\/v2\/posts"}],"about":[{"href":"https:\/\/academiacienciasveterinariascyl.com\/noticias\/wp-json\/wp\/v2\/types\/post"}],"author":[{"embeddable":true,"href":"https:\/\/academiacienciasveterinariascyl.com\/noticias\/wp-json\/wp\/v2\/users\/1"}],"replies":[{"embeddable":true,"href":"https:\/\/academiacienciasveterinariascyl.com\/noticias\/wp-json\/wp\/v2\/comments?post=428"}],"version-history":[{"count":5,"href":"https:\/\/academiacienciasveterinariascyl.com\/noticias\/wp-json\/wp\/v2\/posts\/428\/revisions"}],"predecessor-version":[{"id":436,"href":"https:\/\/academiacienciasveterinariascyl.com\/noticias\/wp-json\/wp\/v2\/posts\/428\/revisions\/436"}],"wp:featuredmedia":[{"embeddable":true,"href":"https:\/\/academiacienciasveterinariascyl.com\/noticias\/wp-json\/wp\/v2\/media\/75"}],"wp:attachment":[{"href":"https:\/\/academiacienciasveterinariascyl.com\/noticias\/wp-json\/wp\/v2\/media?parent=428"}],"wp:term":[{"taxonomy":"category","embeddable":true,"href":"https:\/\/academiacienciasveterinariascyl.com\/noticias\/wp-json\/wp\/v2\/categories?post=428"},{"taxonomy":"post_tag","embeddable":true,"href":"https:\/\/academiacienciasveterinariascyl.com\/noticias\/wp-json\/wp\/v2\/tags?post=428"}],"curies":[{"name":"wp","href":"https:\/\/api.w.org\/{rel}","templated":true}]}}