{"id":414,"date":"2020-12-23T19:31:15","date_gmt":"2020-12-23T19:31:15","guid":{"rendered":"http:\/\/academiacienciasveterinariascyl.com\/noticias\/?p=414"},"modified":"2021-05-11T14:56:47","modified_gmt":"2021-05-11T14:56:47","slug":"video-via-jornada-de-las-academias-sanitarias-de-castilla-y-leon","status":"publish","type":"post","link":"https:\/\/academiacienciasveterinariascyl.com\/noticias\/video-via-jornada-de-las-academias-sanitarias-de-castilla-y-leon\/","title":{"rendered":"Videos de las conferencias de la VII\u00aa JORNADA DE LAS ACADEMIAS SANITARIAS DE CASTILLA Y LE\u00d3N"},"content":{"rendered":"\n<p>LA PANDEMIA DE COVID-19:EXPERIENCIAS y ESTUDIOS MULTIDISCIPLINARES. 10 de Diciembre de 2019<\/p>\n\n\n\n<p>PROGRAMA: (Jornada telem\u00e1tica)<\/p>\n\n\n\n<p><br>16:30 h. Presentaci\u00f3n de la Jornada.<br><strong>Dra. D\u00f1a. VER\u00d3NICA CASADO VICENTE.<\/strong><br>Consejera de Sanidad. Junta de Castilla y Le\u00f3n.<\/p>\n\n\n\n<p><a rel=\"noreferrer noopener\" href=\"https:\/\/youtu.be\/zFt4kKNGYi0\" target=\"_blank\">Ver Video<\/a><\/p>\n\n\n\n<p><\/p>\n\n\n\n<p>16:45 h. COVID-19 en al\u00e9rgicos y ancianos.<br><strong>Dra. D\u00f1a. ALICIA ARMENTIA MEDINA.<\/strong><br>Real Academia de Medicina de Valladolid.<\/p>\n\n\n\n<p><a href=\"https:\/\/youtu.be\/Jg0fxahp49Q\">Ver<\/a><a rel=\"noreferrer noopener\" href=\"https:\/\/youtu.be\/Jg0fxahp49Q\" target=\"_blank\"> Video<\/a><\/p>\n\n\n\n<p><\/p>\n\n\n\n<p>17:15 h. Soporte respiratorio no invasivo en la neumon\u00eda<br>causada por la COVID-19.<br><strong>Dr. D. JUAN FERNANDO MASA JIM\u00c9NEZ.<\/strong><br>Real Academia de Medicina de Salamanca.<\/p>\n\n\n\n<p><a rel=\"noreferrer noopener\" href=\"https:\/\/youtu.be\/BNBl-YyxQog\" target=\"_blank\">Ver Video<\/a><\/p>\n\n\n\n<p><\/p>\n\n\n\n<p><br>17:45 h. Tratamientos frente a la COVID-19.<br><strong>Dr. D. CARLOS TRECE\u00d1O LOBATO.<\/strong><br>Academia de Farmacia de Castilla y Le\u00f3n.<\/p>\n\n\n\n<p><a rel=\"noreferrer noopener\" href=\"https:\/\/youtu.be\/VyZ-dhDgvTY\" target=\"_blank\">Ver Video<\/a><\/p>\n\n\n\n<p><\/p>\n\n\n\n<p>18:15 h. Coronavirus animales y en la interfaz humana.<br><strong>Dr. D. ELIAS FERNANDO RODR\u00cdGUEZ FERRI.<\/strong><br>Academia de Ciencias Veterinarias de Castilla y Le\u00f3n.<\/p>\n\n\n\n<p><a rel=\"noreferrer noopener\" href=\"https:\/\/youtu.be\/rpGW9vId_jM\" target=\"_blank\">Ver Video<\/a><\/p>\n\n\n\n<p><\/p>\n\n\n\n<p>19:00 h. Clausura de la Jornada.<br><strong>Dra. D\u00f1a. MAR\u00cdA DEL CARMEN PACHECO MART\u00cdNEZ.<\/strong><br>Directora General de Salud P\u00fablica. Junta de Castilla y Le\u00f3n.<\/p>\n\n\n\n<p><a rel=\"noreferrer noopener\" href=\"https:\/\/youtu.be\/wP3JJ6YItNY\" target=\"_blank\">Ver Video<\/a><\/p>\n\n\n\n<p><\/p>\n\n\n\n<figure class=\"wp-block-image size-large\"><img loading=\"lazy\" decoding=\"async\" width=\"281\" height=\"397\" src=\"https:\/\/academiacienciasveterinariascyl.com\/noticias\/wp-content\/uploads\/2020\/11\/JORNADA-DE-ACADEMIAS-SANITARIAS-CYL.jpg\" alt=\"\" class=\"wp-image-425\" srcset=\"https:\/\/academiacienciasveterinariascyl.com\/noticias\/wp-content\/uploads\/2020\/11\/JORNADA-DE-ACADEMIAS-SANITARIAS-CYL.jpg 281w, https:\/\/academiacienciasveterinariascyl.com\/noticias\/wp-content\/uploads\/2020\/11\/JORNADA-DE-ACADEMIAS-SANITARIAS-CYL-212x300.jpg 212w\" sizes=\"(max-width: 281px) 100vw, 281px\" \/><\/figure>\n\n\n\n<p><\/p>\n","protected":false},"excerpt":{"rendered":"<p>LA PANDEMIA DE COVID-19:EXPERIENCIAS y ESTUDIOS MULTIDISCIPLINARES. 10 de Diciembre de 2019 PROGRAMA: (Jornada telem\u00e1tica) 16:30 h. Presentaci\u00f3n de la Jornada.Dra. D\u00f1a. VER\u00d3NICA CASADO VICENTE.Consejera&hellip;<\/p>\n","protected":false},"author":1,"featured_media":425,"comment_status":"closed","ping_status":"closed","sticky":false,"template":"","format":"standard","meta":{"footnotes":""},"categories":[1],"tags":[],"_links":{"self":[{"href":"https:\/\/academiacienciasveterinariascyl.com\/noticias\/wp-json\/wp\/v2\/posts\/414"}],"collection":[{"href":"https:\/\/academiacienciasveterinariascyl.com\/noticias\/wp-json\/wp\/v2\/posts"}],"about":[{"href":"https:\/\/academiacienciasveterinariascyl.com\/noticias\/wp-json\/wp\/v2\/types\/post"}],"author":[{"embeddable":true,"href":"https:\/\/academiacienciasveterinariascyl.com\/noticias\/wp-json\/wp\/v2\/users\/1"}],"replies":[{"embeddable":true,"href":"https:\/\/academiacienciasveterinariascyl.com\/noticias\/wp-json\/wp\/v2\/comments?post=414"}],"version-history":[{"count":7,"href":"https:\/\/academiacienciasveterinariascyl.com\/noticias\/wp-json\/wp\/v2\/posts\/414\/revisions"}],"predecessor-version":[{"id":427,"href":"https:\/\/academiacienciasveterinariascyl.com\/noticias\/wp-json\/wp\/v2\/posts\/414\/revisions\/427"}],"wp:featuredmedia":[{"embeddable":true,"href":"https:\/\/academiacienciasveterinariascyl.com\/noticias\/wp-json\/wp\/v2\/media\/425"}],"wp:attachment":[{"href":"https:\/\/academiacienciasveterinariascyl.com\/noticias\/wp-json\/wp\/v2\/media?parent=414"}],"wp:term":[{"taxonomy":"category","embeddable":true,"href":"https:\/\/academiacienciasveterinariascyl.com\/noticias\/wp-json\/wp\/v2\/categories?post=414"},{"taxonomy":"post_tag","embeddable":true,"href":"https:\/\/academiacienciasveterinariascyl.com\/noticias\/wp-json\/wp\/v2\/tags?post=414"}],"curies":[{"name":"wp","href":"https:\/\/api.w.org\/{rel}","templated":true}]}}