{"id":398,"date":"2020-11-30T12:56:15","date_gmt":"2020-11-30T12:56:15","guid":{"rendered":"http:\/\/academiacienciasveterinariascyl.com\/noticias\/?p=398"},"modified":"2021-05-11T14:58:00","modified_gmt":"2021-05-11T14:58:00","slug":"viia-jornada-de-las-academias-sanitarias-de-castilla-y-leon","status":"publish","type":"post","link":"https:\/\/academiacienciasveterinariascyl.com\/noticias\/viia-jornada-de-las-academias-sanitarias-de-castilla-y-leon\/","title":{"rendered":"VII\u00aa JORNADA DE LAS ACADEMIAS SANITARIAS DE CASTILLA Y LE\u00d3N"},"content":{"rendered":"\n<p>La pandemia de COVID-19: Experiencias y estudios multidisciplinares       Le\u00f3n, 10 de diciembre de 2020.<\/p>\n\n\n\n<p>&#8211;<\/p>\n\n\n\n<p><a rel=\"noreferrer noopener\" href=\"https:\/\/us02web.zoom.us\/j\/88418184448\" target=\"_blank\">ENLACE JORNADA ZOOM<\/a>.<\/p>\n\n\n\n<figure class=\"wp-block-image size-large\"><img loading=\"lazy\" decoding=\"async\" width=\"724\" height=\"1024\" src=\"https:\/\/academiacienciasveterinariascyl.com\/noticias\/wp-content\/uploads\/2020\/12\/VII\u00aa-JORNADA-DE-ACADEMIAS-SANITARIAS-CYL-724x1024.jpg\" alt=\"\" class=\"wp-image-423\" srcset=\"https:\/\/academiacienciasveterinariascyl.com\/noticias\/wp-content\/uploads\/2020\/12\/VII\u00aa-JORNADA-DE-ACADEMIAS-SANITARIAS-CYL-724x1024.jpg 724w, https:\/\/academiacienciasveterinariascyl.com\/noticias\/wp-content\/uploads\/2020\/12\/VII\u00aa-JORNADA-DE-ACADEMIAS-SANITARIAS-CYL-212x300.jpg 212w, https:\/\/academiacienciasveterinariascyl.com\/noticias\/wp-content\/uploads\/2020\/12\/VII\u00aa-JORNADA-DE-ACADEMIAS-SANITARIAS-CYL-768x1086.jpg 768w, https:\/\/academiacienciasveterinariascyl.com\/noticias\/wp-content\/uploads\/2020\/12\/VII\u00aa-JORNADA-DE-ACADEMIAS-SANITARIAS-CYL.jpg 900w\" sizes=\"(max-width: 724px) 100vw, 724px\" \/><\/figure>\n\n\n\n<div class=\"wp-block-file\"><a href=\"https:\/\/academiacienciasveterinariascyl.com\/noticias\/wp-content\/uploads\/2020\/11\/FOLLETO-VII\u00aa-JORNADA-DE-ACADEMIAS-SANITARIAS-CYL.pdf\">PROGRAMA-VII\u00aa-JORNADA-DE-ACADEMIAS-SANITARIAS-CYL<\/a><a href=\"https:\/\/academiacienciasveterinariascyl.com\/noticias\/wp-content\/uploads\/2020\/11\/FOLLETO-VII\u00aa-JORNADA-DE-ACADEMIAS-SANITARIAS-CYL.pdf\" class=\"wp-block-file__button\" download>DESCARGAR PROGRAMA<\/a><\/div>\n\n\n\n<p>&#8211;<strong>PROGRAMA<\/strong>.<br><strong>(Jornada telem\u00e1tica)<\/strong><\/p>\n\n\n\n<p><br>16:30 h. Presentaci\u00f3n de la Jornada.<br>Dra. D\u00f1a. VER\u00d3NICA CASADO VICENTE,<br>Consejera de Sanidad. Junta de Castilla y Le\u00f3n.<\/p>\n\n\n\n<p><br>16:45 h. COVID-19 en al\u00e9rgicos y ancianos.<br>Dra. D\u00f1a. ALICIA ARMENTIA MEDINA.<br>Real Academia de Medicina de Valladolid.<\/p>\n\n\n\n<p><br>17:15 h. Soporte respiratorio no invasivo en la neumon\u00eda<br>causada por la COVID-19.<br>Dr. D. JUAN FERNANDO MASA JIM\u00c9NEZ.<br>Real Academia de Medicina de Salamanca.<\/p>\n\n\n\n<p><br>17:45 h. Tratamientos frente a la COVID-19.<br>Dr. D. CARLOS TRECE\u00d1O LOBATO.<br>Academia de Farmacia de Castilla y Le\u00f3n.<\/p>\n\n\n\n<p><br>18:15 h. Coronavirus animales y en la interfaz humana.<br>Dr. D. ELIAS FERNANDO RODR\u00cdGUEZ FERRI.<br>Academia de Ciencias Veterinarias de Castilla y Le\u00f3n.<\/p>\n\n\n\n<p><br>18:45 h. DEBATE<\/p>\n\n\n\n<p><br>19: 00 h. Clausura de la Jornada.<br>Dra. D\u00f1a. MAR\u00cdA DEL CARMEN PACHECO MART\u00cdNEZ.<br>Directora General de Salud P\u00fablica. Junta de Castilla y Le\u00f3n.<\/p>\n","protected":false},"excerpt":{"rendered":"<p>La pandemia de COVID-19: Experiencias y estudios multidisciplinares Le\u00f3n, 10 de diciembre de 2020. &#8211; ENLACE JORNADA ZOOM. &#8211;PROGRAMA.(Jornada telem\u00e1tica) 16:30 h. Presentaci\u00f3n de la&hellip;<\/p>\n","protected":false},"author":1,"featured_media":425,"comment_status":"closed","ping_status":"open","sticky":false,"template":"","format":"standard","meta":{"footnotes":""},"categories":[1],"tags":[],"_links":{"self":[{"href":"https:\/\/academiacienciasveterinariascyl.com\/noticias\/wp-json\/wp\/v2\/posts\/398"}],"collection":[{"href":"https:\/\/academiacienciasveterinariascyl.com\/noticias\/wp-json\/wp\/v2\/posts"}],"about":[{"href":"https:\/\/academiacienciasveterinariascyl.com\/noticias\/wp-json\/wp\/v2\/types\/post"}],"author":[{"embeddable":true,"href":"https:\/\/academiacienciasveterinariascyl.com\/noticias\/wp-json\/wp\/v2\/users\/1"}],"replies":[{"embeddable":true,"href":"https:\/\/academiacienciasveterinariascyl.com\/noticias\/wp-json\/wp\/v2\/comments?post=398"}],"version-history":[{"count":14,"href":"https:\/\/academiacienciasveterinariascyl.com\/noticias\/wp-json\/wp\/v2\/posts\/398\/revisions"}],"predecessor-version":[{"id":426,"href":"https:\/\/academiacienciasveterinariascyl.com\/noticias\/wp-json\/wp\/v2\/posts\/398\/revisions\/426"}],"wp:featuredmedia":[{"embeddable":true,"href":"https:\/\/academiacienciasveterinariascyl.com\/noticias\/wp-json\/wp\/v2\/media\/425"}],"wp:attachment":[{"href":"https:\/\/academiacienciasveterinariascyl.com\/noticias\/wp-json\/wp\/v2\/media?parent=398"}],"wp:term":[{"taxonomy":"category","embeddable":true,"href":"https:\/\/academiacienciasveterinariascyl.com\/noticias\/wp-json\/wp\/v2\/categories?post=398"},{"taxonomy":"post_tag","embeddable":true,"href":"https:\/\/academiacienciasveterinariascyl.com\/noticias\/wp-json\/wp\/v2\/tags?post=398"}],"curies":[{"name":"wp","href":"https:\/\/api.w.org\/{rel}","templated":true}]}}