{"id":383,"date":"2020-10-29T22:00:00","date_gmt":"2020-10-29T22:00:00","guid":{"rendered":"http:\/\/academiacienciasveterinariascyl.com\/noticias\/?p=383"},"modified":"2020-10-30T11:05:53","modified_gmt":"2020-10-30T11:05:53","slug":"convocatoria-de-plazas-de-academicos-de-numero-y-correspondientes","status":"publish","type":"post","link":"https:\/\/academiacienciasveterinariascyl.com\/noticias\/convocatoria-de-plazas-de-academicos-de-numero-y-correspondientes\/","title":{"rendered":"Convocatoria de plazas de Acad\u00e9micos de N\u00famero y Correspondientes."},"content":{"rendered":"\n<p><\/p>\n\n\n\n<p><br>Se convocan cuatro plazas de Acad\u00e9micos de N\u00famero por el turno de licenciadoso graduados en Veterinaria con el grado de Doctor (tres para la Secci\u00f3n 2.\u00aa\u2013 MedicinaVeterinaria y otra para la Secci\u00f3n 4.\u00aa\u2013 Higiene &#8211; Inspecci\u00f3n y Tecnolog\u00eda de los Alimentos Salud P\u00fablica).<\/p>\n\n\n\n<p><br>Adem\u00e1s, se convocan ocho plazas de Acad\u00e9micos Correspondientes.<br>Todo ello seg\u00fan lo dispuesto en el Cap\u00edtulo II, art\u00edculos n\u00famero 6 y 9 de los Estatutos de la Academia, publicados en el Bolet\u00edn Oficial de Castilla y Le\u00f3n n\u00famero 95 del 18 de mayo de 2012.<\/p>\n\n\n\n<p>El plazo de entrega de solicitudes es de 30 d\u00edas contados a partir del siguiente a la publicaci\u00f3n en el B.O.C. y L. de este anuncio. Las solicitudes, con la documentaci\u00f3n correspondiente, ir\u00e1n dirigidas al Excmo. Sr. Presidente de la Academia, a su sede en el edificio \u00abEl Alb\u00e9itar\u00bb, Paseo de la Facultad de Veterinaria n\u00famero 25, 24004-Le\u00f3n.<br><\/p>\n\n\n\n<p>Le\u00f3n, 20 de octubre de 2020.<br>El Vice Secretario General,<br>Fdo.: Vicente Gaudioso Lacasa<\/p>\n\n\n\n<p><\/p>\n\n\n\n<div class=\"wp-block-file\"><a href=\"https:\/\/academiacienciasveterinariascyl.com\/noticias\/wp-content\/uploads\/2020\/10\/convocatoria-de-plazas-AVETCYL.pdf\">convocatoria-de-plazas-AVETCYL<\/a><a href=\"https:\/\/academiacienciasveterinariascyl.com\/noticias\/wp-content\/uploads\/2020\/10\/convocatoria-de-plazas-AVETCYL.pdf\" class=\"wp-block-file__button\" download>Descarga CONVOCATORIA<\/a><\/div>\n\n\n\n<div class=\"wp-block-file\"><a href=\"https:\/\/academiacienciasveterinariascyl.com\/noticias\/wp-content\/uploads\/2020\/10\/Reglamento-R\u00e9gimen-Interno-y-Protocolo-AVETCyL.pdf\">Reglamento-R\u00e9gimen-Interno-y-Protocolo-AVETCyL<\/a><a href=\"https:\/\/academiacienciasveterinariascyl.com\/noticias\/wp-content\/uploads\/2020\/10\/Reglamento-R\u00e9gimen-Interno-y-Protocolo-AVETCyL.pdf\" class=\"wp-block-file__button\" download>Descarga REGLAMENTO REGIM\u00c9N INTERNO<\/a><\/div>\n\n\n\n<div class=\"wp-block-file\"><a href=\"https:\/\/academiacienciasveterinariascyl.com\/noticias\/wp-content\/uploads\/2020\/10\/Modelo-de-solicitud-plazas-.docx\">Modelo-de-solicitud-plazas-<\/a><a href=\"https:\/\/academiacienciasveterinariascyl.com\/noticias\/wp-content\/uploads\/2020\/10\/Modelo-de-solicitud-plazas-.docx\" class=\"wp-block-file__button\" download>Descarga MODELO DE SOLICITUD PLAZAS<\/a><\/div>\n","protected":false},"excerpt":{"rendered":"<p>Se convocan cuatro plazas de Acad\u00e9micos de N\u00famero por el turno de licenciadoso graduados en Veterinaria con el grado de Doctor (tres para la Secci\u00f3n&hellip;<\/p>\n","protected":false},"author":1,"featured_media":75,"comment_status":"open","ping_status":"open","sticky":false,"template":"","format":"standard","meta":{"footnotes":""},"categories":[1],"tags":[],"_links":{"self":[{"href":"https:\/\/academiacienciasveterinariascyl.com\/noticias\/wp-json\/wp\/v2\/posts\/383"}],"collection":[{"href":"https:\/\/academiacienciasveterinariascyl.com\/noticias\/wp-json\/wp\/v2\/posts"}],"about":[{"href":"https:\/\/academiacienciasveterinariascyl.com\/noticias\/wp-json\/wp\/v2\/types\/post"}],"author":[{"embeddable":true,"href":"https:\/\/academiacienciasveterinariascyl.com\/noticias\/wp-json\/wp\/v2\/users\/1"}],"replies":[{"embeddable":true,"href":"https:\/\/academiacienciasveterinariascyl.com\/noticias\/wp-json\/wp\/v2\/comments?post=383"}],"version-history":[{"count":7,"href":"https:\/\/academiacienciasveterinariascyl.com\/noticias\/wp-json\/wp\/v2\/posts\/383\/revisions"}],"predecessor-version":[{"id":397,"href":"https:\/\/academiacienciasveterinariascyl.com\/noticias\/wp-json\/wp\/v2\/posts\/383\/revisions\/397"}],"wp:featuredmedia":[{"embeddable":true,"href":"https:\/\/academiacienciasveterinariascyl.com\/noticias\/wp-json\/wp\/v2\/media\/75"}],"wp:attachment":[{"href":"https:\/\/academiacienciasveterinariascyl.com\/noticias\/wp-json\/wp\/v2\/media?parent=383"}],"wp:term":[{"taxonomy":"category","embeddable":true,"href":"https:\/\/academiacienciasveterinariascyl.com\/noticias\/wp-json\/wp\/v2\/categories?post=383"},{"taxonomy":"post_tag","embeddable":true,"href":"https:\/\/academiacienciasveterinariascyl.com\/noticias\/wp-json\/wp\/v2\/tags?post=383"}],"curies":[{"name":"wp","href":"https:\/\/api.w.org\/{rel}","templated":true}]}}