{"id":375,"date":"2020-10-13T15:29:17","date_gmt":"2020-10-13T15:29:17","guid":{"rendered":"http:\/\/academiacienciasveterinariascyl.com\/noticias\/?p=375"},"modified":"2020-10-13T15:31:00","modified_gmt":"2020-10-13T15:31:00","slug":"sentimiento-de-dolor-por-el-fallecimiento-de-don-luis-garcia-zurzo-1932-2020","status":"publish","type":"post","link":"https:\/\/academiacienciasveterinariascyl.com\/noticias\/sentimiento-de-dolor-por-el-fallecimiento-de-don-luis-garcia-zurzo-1932-2020\/","title":{"rendered":"Sentimiento de dolor por el fallecimiento de don Luis Garc\u00eda Zurzo (1932-2020)"},"content":{"rendered":"\n<p><strong>Sentimiento de dolor por el fallecimiento de don Luis Garc\u00eda Zurzo (1932-2020), Acad\u00e9mico de Honor de la Academia de Ciencias Veterinarias de Castilla y Le\u00f3n<\/strong><\/p>\n\n\n\n<p>Comunicado de AVETCyL<\/p>\n\n\n\n<p>La Academia de Ciencias Veterinarias de Castilla y Le\u00f3n (AVETCyL) quiere hacer p\u00fabico su profundo sentimiento de pesar y expresar sus condolencias a la familia y amigos de don Luis Garc\u00eda Zurdo, que fue Acad\u00e9mico de Honor de nuestra instituci\u00f3n.<\/p>\n\n\n\n<figure class=\"wp-block-image size-large\"><img loading=\"lazy\" decoding=\"async\" width=\"900\" height=\"600\" src=\"https:\/\/academiacienciasveterinariascyl.com\/noticias\/wp-content\/uploads\/2020\/10\/Luis-Garc\u00eda-Zurdo.jpg\" alt=\"\" class=\"wp-image-379\" srcset=\"https:\/\/academiacienciasveterinariascyl.com\/noticias\/wp-content\/uploads\/2020\/10\/Luis-Garc\u00eda-Zurdo.jpg 900w, https:\/\/academiacienciasveterinariascyl.com\/noticias\/wp-content\/uploads\/2020\/10\/Luis-Garc\u00eda-Zurdo-300x200.jpg 300w, https:\/\/academiacienciasveterinariascyl.com\/noticias\/wp-content\/uploads\/2020\/10\/Luis-Garc\u00eda-Zurdo-768x512.jpg 768w\" sizes=\"(max-width: 900px) 100vw, 900px\" \/><\/figure>\n\n\n\n<p>El pasado viernes d\u00eda 2 de octubre de este fat\u00eddico a\u00f1o 2020, falleci\u00f3 Luis Garc\u00eda Zurdo, una de las figuras m\u00e1s sobresalientes del mundo de las artes en Le\u00f3n, amigo entra\u00f1able de la familia veterinaria que siempre acudi\u00f3 a la llamada de quienes necesit\u00e1bamos su ayuda: la Facultad de Veterinaria, la Universidad de Le\u00f3n y la Academia de Ciencias Veterinarias de Castilla y Le\u00f3n \u2013 la \u00fanica de las siete academias que tiene su sede en nuestra ciudad \u2013 de la que Luis G\u00aa Zurdo era Acad\u00e9mico de Honor desde el mes de marzo del 2019.<\/p>\n\n\n\n<figure class=\"wp-block-image size-large\"><img loading=\"lazy\" decoding=\"async\" width=\"940\" height=\"485\" src=\"https:\/\/academiacienciasveterinariascyl.com\/noticias\/wp-content\/uploads\/2020\/10\/Paraninfo-Gord\u00f3n-Ord\u00e1s.jpg\" alt=\"\" class=\"wp-image-377\" srcset=\"https:\/\/academiacienciasveterinariascyl.com\/noticias\/wp-content\/uploads\/2020\/10\/Paraninfo-Gord\u00f3n-Ord\u00e1s.jpg 940w, https:\/\/academiacienciasveterinariascyl.com\/noticias\/wp-content\/uploads\/2020\/10\/Paraninfo-Gord\u00f3n-Ord\u00e1s-300x155.jpg 300w, https:\/\/academiacienciasveterinariascyl.com\/noticias\/wp-content\/uploads\/2020\/10\/Paraninfo-Gord\u00f3n-Ord\u00e1s-768x396.jpg 768w\" sizes=\"(max-width: 940px) 100vw, 940px\" \/><\/figure>\n\n\n\n<p>Precisamente tambi\u00e9n este a\u00f1o \u2013 que cada vez pesa m\u00e1s y m\u00e1s, como una losa que nos aplasta \u2013, ha desparecido otra figura de la veterinaria leonesa y espa\u00f1ola, Miguel Cordero del Campillo, tambi\u00e9n Acad\u00e9mico de Honor y buen amigo de Zurdo quienes establecieron una conexi\u00f3n perfecta con el denominador com\u00fan de la Veterinaria. De alguna manera, tambi\u00e9n contribuy\u00f3 al inter\u00e9s de Zurdo en los proyectos que estaban relacionados con nuestra profesi\u00f3n.<\/p>\n\n\n\n<p>Entre otras ideas y obras, est\u00e1 la gran vidriera confiere al vest\u00edbulo de la Facultad de Veterinaria de Le\u00f3n la dimensi\u00f3n que merece y que fue inaugurada en 1985, cuando despu\u00e9s de 133 a\u00f1os, la Facultad de Veterinaria tuvo un edificio propio. Una vidriera que luce en el hall de nuestra facultad (la primera que hizo Zurdo para un Centro universitario). Incansable y accesible siempre, tambi\u00e9n acept\u00f3 el encargo de la medalla conmemorativa del 150 aniversario de la Facultad, y del anagrama\/logotipo de la Asociaci\u00f3n Leonesa de Historia de la Veterinaria representando tambi\u00e9n a Quir\u00f3n, uno de los m\u00e1s famosos centauros que, seg\u00fan Borges, son \u201clas criaturas m\u00e1s armoniosas de la zoolog\u00eda fant\u00e1stica\u201d.<\/p>\n\n\n\n<figure class=\"wp-block-image size-large\"><img loading=\"lazy\" decoding=\"async\" width=\"1024\" height=\"342\" src=\"https:\/\/academiacienciasveterinariascyl.com\/noticias\/wp-content\/uploads\/2020\/10\/vidrieras-luis-garcia-zurdo-1-1024x342.jpg\" alt=\"\" class=\"wp-image-378\" srcset=\"https:\/\/academiacienciasveterinariascyl.com\/noticias\/wp-content\/uploads\/2020\/10\/vidrieras-luis-garcia-zurdo-1-1024x342.jpg 1024w, https:\/\/academiacienciasveterinariascyl.com\/noticias\/wp-content\/uploads\/2020\/10\/vidrieras-luis-garcia-zurdo-1-300x100.jpg 300w, https:\/\/academiacienciasveterinariascyl.com\/noticias\/wp-content\/uploads\/2020\/10\/vidrieras-luis-garcia-zurdo-1-768x257.jpg 768w, https:\/\/academiacienciasveterinariascyl.com\/noticias\/wp-content\/uploads\/2020\/10\/vidrieras-luis-garcia-zurdo-1-1536x514.jpg 1536w, https:\/\/academiacienciasveterinariascyl.com\/noticias\/wp-content\/uploads\/2020\/10\/vidrieras-luis-garcia-zurdo-1.jpg 1920w\" sizes=\"(max-width: 1024px) 100vw, 1024px\" \/><\/figure>\n\n\n\n<p>No es necesario hacer referencia a otras obras de Zurdo, como la vidriera de la escalera norte de El Alb\u00e9itar que conduce al Paraninfo Gord\u00f3n Ord\u00e1s o el sello de la Universidad de Le\u00f3n que dise\u00f1\u00f3 a\u00f1os antes y cuya vidriera se encuentra en el Paraninfo Gord\u00f3n Ord\u00e1s en el que se celebran regularmente las sesiones de la Academia de Ciencias Veterinarias de Castilla y Le\u00f3n.<\/p>\n\n\n\n<p>La Academia de Ciencias Veterinarias de Castilla y Le\u00f3n incorpor\u00f3 \u2013 previa autorizaci\u00f3n de uso al propietario intelectual de la obra, nuestro Acad\u00e9mico de Honor Luis G\u00aa Zurdo \u2013 a la parte superior de su escudo el centauro y el cordero de la vidriera de la Facultad de Veterinaria.<\/p>\n\n\n\n<p>Por esas razones y otras muchas relacionadas con la cultura de nuestra ciudad de Le\u00f3n y con las Ciencias Veterinarias, la Academia de Ciencias Veterinarias de Castilla y Le\u00f3n manifiesta su profundo sentimiento de pesar por la desaparici\u00f3n de nuestro acad\u00e9mico de honor y amigo don Luis Garc\u00eda Zurdo.<\/p>\n\n\n\n<p>Descanse en Paz.<\/p>\n\n\n\n<p>Le\u00f3n, 6 de octubre de 2020<\/p>\n\n\n\n<p>Francisco A. Rojo V\u00e1zquez, Secretario General de AVETCyL<\/p>\n","protected":false},"excerpt":{"rendered":"<p>Sentimiento de dolor por el fallecimiento de don Luis Garc\u00eda Zurzo (1932-2020), Acad\u00e9mico de Honor de la Academia de Ciencias Veterinarias de Castilla y Le\u00f3n&hellip;<\/p>\n","protected":false},"author":1,"featured_media":381,"comment_status":"open","ping_status":"open","sticky":false,"template":"","format":"standard","meta":{"footnotes":""},"categories":[1],"tags":[],"_links":{"self":[{"href":"https:\/\/academiacienciasveterinariascyl.com\/noticias\/wp-json\/wp\/v2\/posts\/375"}],"collection":[{"href":"https:\/\/academiacienciasveterinariascyl.com\/noticias\/wp-json\/wp\/v2\/posts"}],"about":[{"href":"https:\/\/academiacienciasveterinariascyl.com\/noticias\/wp-json\/wp\/v2\/types\/post"}],"author":[{"embeddable":true,"href":"https:\/\/academiacienciasveterinariascyl.com\/noticias\/wp-json\/wp\/v2\/users\/1"}],"replies":[{"embeddable":true,"href":"https:\/\/academiacienciasveterinariascyl.com\/noticias\/wp-json\/wp\/v2\/comments?post=375"}],"version-history":[{"count":1,"href":"https:\/\/academiacienciasveterinariascyl.com\/noticias\/wp-json\/wp\/v2\/posts\/375\/revisions"}],"predecessor-version":[{"id":380,"href":"https:\/\/academiacienciasveterinariascyl.com\/noticias\/wp-json\/wp\/v2\/posts\/375\/revisions\/380"}],"wp:featuredmedia":[{"embeddable":true,"href":"https:\/\/academiacienciasveterinariascyl.com\/noticias\/wp-json\/wp\/v2\/media\/381"}],"wp:attachment":[{"href":"https:\/\/academiacienciasveterinariascyl.com\/noticias\/wp-json\/wp\/v2\/media?parent=375"}],"wp:term":[{"taxonomy":"category","embeddable":true,"href":"https:\/\/academiacienciasveterinariascyl.com\/noticias\/wp-json\/wp\/v2\/categories?post=375"},{"taxonomy":"post_tag","embeddable":true,"href":"https:\/\/academiacienciasveterinariascyl.com\/noticias\/wp-json\/wp\/v2\/tags?post=375"}],"curies":[{"name":"wp","href":"https:\/\/api.w.org\/{rel}","templated":true}]}}