{"id":371,"date":"2020-10-13T15:20:32","date_gmt":"2020-10-13T15:20:32","guid":{"rendered":"http:\/\/academiacienciasveterinariascyl.com\/noticias\/?p=371"},"modified":"2020-10-13T15:25:41","modified_gmt":"2020-10-13T15:25:41","slug":"a-d-luis-garcia-zurdo-el-amigo-el-pintor-el-academico-el-maestro","status":"publish","type":"post","link":"https:\/\/academiacienciasveterinariascyl.com\/noticias\/a-d-luis-garcia-zurdo-el-amigo-el-pintor-el-academico-el-maestro\/","title":{"rendered":"A D. Luis Garc\u00eda Zurdo, El Amigo, El Pintor, El Acad\u00e9mico, El Maestro"},"content":{"rendered":"\n<p><\/p>\n\n\n\n<p>La coincidencia juega, a veces, malas pasadas. La coincidencia hizo, esta vez, que la salud me impidiera acudir, como hubiera sido mi deseo, a despedir a mi querido amigo Luis Garc\u00eda Zurdo, ese fat\u00eddico 2 de octubre en \u00e9ste, no menos fat\u00eddico a\u00f1o. Ese d\u00eda Luis nos dijo adi\u00f3s para siempre. Nos abandon\u00f3 en silencio, sin meter ruido, sin llamar la atenci\u00f3n, a juego con su forma de ser y con el paisaje oto\u00f1al que tanto le gustaba, cuando los esp\u00edritus se concentran al atardecer y las pandemias se vuelven rebeldes.<\/p>\n\n\n\n<p>Luis Garc\u00eda Zurdo fue para m\u00ed, como para tantos, supongo, una de esas figuras m\u00edticas del rico patrimonio art\u00edstico y cultural leon\u00e9s. Pintor, como m\u00e1s le gustaba definirse, vitralista, escultor, tantas cosas, pero sobre todo un maestro incomparable y mejor persona. Formado con Oberberger y otros grandes maestros vitralistas alemanes de la postguerra, cuando Alemania recuperaba y restauraba su maltrecho patrimonio art\u00edstico, admirador de Krasinski y de los m\u00e1s grandes, Zurdo deja una obra extraordinaria en calidad y cantidad, aqu\u00ed mismo, en su Le\u00f3n de siempre, en Vegaquemada, en la Universidad y en otras instituciones leonesas, pero tambi\u00e9n en Galicia, en La Rioja y en otros muchos lugares y su obra traspas\u00f3 fronteras e inspir\u00f3 a escritores y en todos los sitios su firma se identifica con el estudio, porque Luis Garc\u00eda Zurdo era un estudioso con su trabajo, un gran trabajador, y con la ciencia, porque era un cient\u00edfico, un investigador que planificaba concienzudamente su obra, document\u00e1ndose en profundidad, definiendo su objetivo, marcando su desarrollo paso a paso y aplicando m\u00e9todos y t\u00e9cnicas ancestrales que ya pocos conocen, con f\u00f3rmulas de los vidrieros medievales, armonizando el conjunto con su imaginaci\u00f3n envolvente, innovando cuando el caso lo requer\u00eda para lograr un resultado final \u00fanico, vidrios, cristales, a trav\u00e9s de los cuales la difracci\u00f3n de la luz hace filigranas en el aire, figuras en lienzo que marcan el realismo de sus cuadros o detalles estructurales que solo los que saben, son capaces de ver.<\/p>\n\n\n\n<figure class=\"wp-block-image size-large\"><img loading=\"lazy\" decoding=\"async\" width=\"800\" height=\"533\" src=\"https:\/\/academiacienciasveterinariascyl.com\/noticias\/wp-content\/uploads\/2019\/03\/ZURDO1.jpg\" alt=\"\" class=\"wp-image-119\" srcset=\"https:\/\/academiacienciasveterinariascyl.com\/noticias\/wp-content\/uploads\/2019\/03\/ZURDO1.jpg 800w, https:\/\/academiacienciasveterinariascyl.com\/noticias\/wp-content\/uploads\/2019\/03\/ZURDO1-300x200.jpg 300w, https:\/\/academiacienciasveterinariascyl.com\/noticias\/wp-content\/uploads\/2019\/03\/ZURDO1-768x512.jpg 768w\" sizes=\"(max-width: 800px) 100vw, 800px\" \/><\/figure>\n\n\n\n<p>A los veterinarios, Zurdo nos regal\u00f3 Quir\u00f3n en muchas formas. Quir\u00f3n, aqu\u00e9l centauro de la mitolog\u00eda griega bondadoso y sabio que curaba hombres y animales, un s\u00edmbolo de la unidad de la Medicina, ahora que tanto se reclama que nos lleg\u00f3 en forma de medall\u00f3n, con ocasi\u00f3n del 150 aniversario de la Facultad de Veterinaria o en el prodigioso mural que preside su vest\u00edbulo. El mural, en vidrios de colores incrustados en cemento sorprende al espectador, cuando se ilumina, con una sinfon\u00eda de colores que quedan suspendidos en el aire, flotando, trasladando al observador a escenarios imposibles. Y con Quir\u00f3n, las palabras de Virgilio y de San Isidoro, dando escolta permanente. Suma, adem\u00e1s, la que ser\u00e1 su \u00faltima obra aqu\u00ed, con la colaboraci\u00f3n de su hija Graciela y Jes\u00fas Le\u00f3n, una preciosa placa en bronce envejecido en la que fechas y textos aluden a la historia de nuestra Facultad, antes Escuela.<\/p>\n\n\n\n<p>La figura de Quir\u00f3n, que aparece \u201cen jefe\u201d, en el escudo de la Academia de Ciencias Veterinarias de Castilla y Le\u00f3n, fue la raz\u00f3n de nuestro primer encuentro en su caser\u00f3n de San Feliz de Torio, buscando la autorizaci\u00f3n de uso para satisfacer el expediente de creaci\u00f3n de la Academia. En ello contamos con la colaboraci\u00f3n, como tantas veces despu\u00e9s, de Luis Bascu\u00f1\u00e1n, pr\u00e1cticamente un miembro m\u00e1s de su familia. Y desde entonces, hubo entre nosotros una comunicaci\u00f3n f\u00e1cil, una sinton\u00eda perfecta, casi m\u00e1gica (era muy f\u00e1cil), fragu\u00e1ndose una relaci\u00f3n personal que me permiti\u00f3 descubrir el personaje que llevaba dentro, su vasta cultura art\u00edstica, su iron\u00eda leonesa, el deseo permanente por aprender de todo y el cari\u00f1o por Le\u00f3n, por su catedral, por su gente, y unas cualidades de trato que hac\u00edan juego con su sencillez y humildad, a veces exageradas.<\/p>\n\n\n\n<p>Los contactos continuaron y, al tiempo que la Universidad promovi\u00f3 su Doctorado Honoris Causa, tambi\u00e9n le hicimos llegar la propuesta un\u00e1nime como Acad\u00e9mico de Honor. Y as\u00ed fue que, en una ceremonia sin ceremonia, nos reunimos con \u00e9l y su familia (\u00c1ngeles, Beatriz y Graciela) los acad\u00e9micos una tarde de marzo del a\u00f1o pasado en San Isidoro y le impusimos la medalla de acad\u00e9mico, que supuso para \u00e9l un compromiso y una nueva responsabilidad, que asumi\u00f3 con total dignidad. Hab\u00eda que ver a Zurdo, con una pizca de iron\u00eda, pero serio, presumir de \u201cVeterinario\u201d y c\u00f3mo aguantaba estoicamente nuestras sesiones y disfrutaba de los encuentros posteriores.<\/p>\n\n\n\n<p>Pero todo comenz\u00f3 a cambiar cuando la salud empeor\u00f3. Gran sufrimiento de todos en estos \u00faltimos meses, hasta que lleg\u00f3 el final.<\/p>\n\n\n\n<p>Amigo Luis, \u00e9sta es una cr\u00f3nica poco acad\u00e9mica de despedida que recuerda y agradece todo el cari\u00f1o que nos supiste entregar a los veterinarios, a m\u00ed en particular, en nuestras charlas del confinamiento y en las anteriores, y en las que no pudieron celebrarse y solo quedaron en proyecto. Desde all\u00e1 arriba, ahora s\u00ed que tienes perspectiva suficiente para contemplar las \u201cVentanas del Cielo\u201d de nuestro amigo Giner. Querido Luis, tus amigos de la Academia de Ciencias Veterinarias te dicen \u201chasta siempre\u201d y te piden ayuda para dibujar, es lo tuyo, las l\u00edneas maestras de nuestro futuro.<\/p>\n\n\n\n<p>Luis Garc\u00eda Zurdo, Descansa en Paz.<\/p>\n\n\n\n<p>El\u00edas F. Rodr\u00edguez Ferri<\/p>\n\n\n\n<p>Presidente de la Academia de Ciencias Veterinarias de Castilla y Le\u00f3n<\/p>\n","protected":false},"excerpt":{"rendered":"<p>La coincidencia juega, a veces, malas pasadas. La coincidencia hizo, esta vez, que la salud me impidiera acudir, como hubiera sido mi deseo, a despedir&hellip;<\/p>\n","protected":false},"author":1,"featured_media":373,"comment_status":"open","ping_status":"open","sticky":false,"template":"","format":"standard","meta":{"footnotes":""},"categories":[1],"tags":[],"_links":{"self":[{"href":"https:\/\/academiacienciasveterinariascyl.com\/noticias\/wp-json\/wp\/v2\/posts\/371"}],"collection":[{"href":"https:\/\/academiacienciasveterinariascyl.com\/noticias\/wp-json\/wp\/v2\/posts"}],"about":[{"href":"https:\/\/academiacienciasveterinariascyl.com\/noticias\/wp-json\/wp\/v2\/types\/post"}],"author":[{"embeddable":true,"href":"https:\/\/academiacienciasveterinariascyl.com\/noticias\/wp-json\/wp\/v2\/users\/1"}],"replies":[{"embeddable":true,"href":"https:\/\/academiacienciasveterinariascyl.com\/noticias\/wp-json\/wp\/v2\/comments?post=371"}],"version-history":[{"count":2,"href":"https:\/\/academiacienciasveterinariascyl.com\/noticias\/wp-json\/wp\/v2\/posts\/371\/revisions"}],"predecessor-version":[{"id":374,"href":"https:\/\/academiacienciasveterinariascyl.com\/noticias\/wp-json\/wp\/v2\/posts\/371\/revisions\/374"}],"wp:featuredmedia":[{"embeddable":true,"href":"https:\/\/academiacienciasveterinariascyl.com\/noticias\/wp-json\/wp\/v2\/media\/373"}],"wp:attachment":[{"href":"https:\/\/academiacienciasveterinariascyl.com\/noticias\/wp-json\/wp\/v2\/media?parent=371"}],"wp:term":[{"taxonomy":"category","embeddable":true,"href":"https:\/\/academiacienciasveterinariascyl.com\/noticias\/wp-json\/wp\/v2\/categories?post=371"},{"taxonomy":"post_tag","embeddable":true,"href":"https:\/\/academiacienciasveterinariascyl.com\/noticias\/wp-json\/wp\/v2\/tags?post=371"}],"curies":[{"name":"wp","href":"https:\/\/api.w.org\/{rel}","templated":true}]}}