{"id":366,"date":"2020-10-02T18:46:19","date_gmt":"2020-10-02T18:46:19","guid":{"rendered":"http:\/\/academiacienciasveterinariascyl.com\/noticias\/?p=366"},"modified":"2020-10-02T18:50:38","modified_gmt":"2020-10-02T18:50:38","slug":"muere-el-academico-de-honor-luis-garcia-zurdo","status":"publish","type":"post","link":"https:\/\/academiacienciasveterinariascyl.com\/noticias\/muere-el-academico-de-honor-luis-garcia-zurdo\/","title":{"rendered":"Muere el Acad\u00e9mico de Honor Luis Garc\u00eda Zurdo"},"content":{"rendered":"\n<p>El Academico de honor y Artista Luis Garc\u00eda Zurdo acaba de fallecer. <strong>Pintor, escultor y vitralista<\/strong> ha dedicado toda su vida a la creaci\u00f3n art\u00edstica desde muy joven.<\/p>\n\n\n\n<p>Doctor Honoris Causa por la Universidad de Le\u00f3n puso en marcha el taller de vidrieras de la Catedral. Fue en Alemania donde se form\u00f3 como artista, pero principalmente, donde se inici\u00f3 en el arte de la vidriera.&nbsp;<\/p>\n\n\n\n<p>Su labor creativa ten\u00eda como punto neur\u00e1lgico <strong>su taller en San Feliz de Tor\u00edo<\/strong>. Es aqu\u00ed donde daba rienda suelta a sus ideas en todas las facetas art\u00edsticas en las que ha destacado durante los \u00faltimos a\u00f1os.<\/p>\n\n\n\n<p>Descanse en Paz<\/p>\n\n\n\n<figure class=\"wp-block-image size-large\"><img loading=\"lazy\" decoding=\"async\" width=\"800\" height=\"533\" src=\"https:\/\/academiacienciasveterinariascyl.com\/noticias\/wp-content\/uploads\/2019\/03\/ZURDO1.jpg\" alt=\"\" class=\"wp-image-119\" srcset=\"https:\/\/academiacienciasveterinariascyl.com\/noticias\/wp-content\/uploads\/2019\/03\/ZURDO1.jpg 800w, https:\/\/academiacienciasveterinariascyl.com\/noticias\/wp-content\/uploads\/2019\/03\/ZURDO1-300x200.jpg 300w, https:\/\/academiacienciasveterinariascyl.com\/noticias\/wp-content\/uploads\/2019\/03\/ZURDO1-768x512.jpg 768w\" sizes=\"(max-width: 800px) 100vw, 800px\" \/><\/figure>\n","protected":false},"excerpt":{"rendered":"<p>El Academico de honor y Artista Luis Garc\u00eda Zurdo acaba de fallecer. Pintor, escultor y vitralista ha dedicado toda su vida a la creaci\u00f3n art\u00edstica&hellip;<\/p>\n","protected":false},"author":1,"featured_media":121,"comment_status":"open","ping_status":"open","sticky":false,"template":"","format":"standard","meta":{"footnotes":""},"categories":[1],"tags":[],"_links":{"self":[{"href":"https:\/\/academiacienciasveterinariascyl.com\/noticias\/wp-json\/wp\/v2\/posts\/366"}],"collection":[{"href":"https:\/\/academiacienciasveterinariascyl.com\/noticias\/wp-json\/wp\/v2\/posts"}],"about":[{"href":"https:\/\/academiacienciasveterinariascyl.com\/noticias\/wp-json\/wp\/v2\/types\/post"}],"author":[{"embeddable":true,"href":"https:\/\/academiacienciasveterinariascyl.com\/noticias\/wp-json\/wp\/v2\/users\/1"}],"replies":[{"embeddable":true,"href":"https:\/\/academiacienciasveterinariascyl.com\/noticias\/wp-json\/wp\/v2\/comments?post=366"}],"version-history":[{"count":4,"href":"https:\/\/academiacienciasveterinariascyl.com\/noticias\/wp-json\/wp\/v2\/posts\/366\/revisions"}],"predecessor-version":[{"id":370,"href":"https:\/\/academiacienciasveterinariascyl.com\/noticias\/wp-json\/wp\/v2\/posts\/366\/revisions\/370"}],"wp:featuredmedia":[{"embeddable":true,"href":"https:\/\/academiacienciasveterinariascyl.com\/noticias\/wp-json\/wp\/v2\/media\/121"}],"wp:attachment":[{"href":"https:\/\/academiacienciasveterinariascyl.com\/noticias\/wp-json\/wp\/v2\/media?parent=366"}],"wp:term":[{"taxonomy":"category","embeddable":true,"href":"https:\/\/academiacienciasveterinariascyl.com\/noticias\/wp-json\/wp\/v2\/categories?post=366"},{"taxonomy":"post_tag","embeddable":true,"href":"https:\/\/academiacienciasveterinariascyl.com\/noticias\/wp-json\/wp\/v2\/tags?post=366"}],"curies":[{"name":"wp","href":"https:\/\/api.w.org\/{rel}","templated":true}]}}