{"id":362,"date":"2020-06-18T15:22:05","date_gmt":"2020-06-18T15:22:05","guid":{"rendered":"http:\/\/academiacienciasveterinariascyl.com\/noticias\/?p=362"},"modified":"2020-06-18T15:24:30","modified_gmt":"2020-06-18T15:24:30","slug":"el-covid-19-es-la-punta-del-iceberg-nos-jugamos-nuestro-futuro-y-el-planeta","status":"publish","type":"post","link":"https:\/\/academiacienciasveterinariascyl.com\/noticias\/el-covid-19-es-la-punta-del-iceberg-nos-jugamos-nuestro-futuro-y-el-planeta\/","title":{"rendered":"El Covid-19 es la punta del iceberg; nos jugamos nuestro futuro y el planeta"},"content":{"rendered":"\n<p><strong>El\u00edas Rodr\u00edguez Ferri, <\/strong>catedr\u00e1tico de Sanidad Animal en la Universidad de Le\u00f3n y presidente de la Academia de Ciencias Veterinarias de Castilla y Le\u00f3n es el \u00fanico leon\u00e9s, y el \u00fanico veterinario, presente en la comisi\u00f3n de expertos del Covid-19 que asesora a la Junta durante la pandemia.<\/p>\n\n\n\n<figure class=\"wp-block-image size-large\"><img loading=\"lazy\" decoding=\"async\" width=\"800\" height=\"450\" src=\"https:\/\/academiacienciasveterinariascyl.com\/noticias\/wp-content\/uploads\/2020\/06\/profesor-ferri.jpg\" alt=\"\" class=\"wp-image-363\" srcset=\"https:\/\/academiacienciasveterinariascyl.com\/noticias\/wp-content\/uploads\/2020\/06\/profesor-ferri.jpg 800w, https:\/\/academiacienciasveterinariascyl.com\/noticias\/wp-content\/uploads\/2020\/06\/profesor-ferri-300x169.jpg 300w, https:\/\/academiacienciasveterinariascyl.com\/noticias\/wp-content\/uploads\/2020\/06\/profesor-ferri-768x432.jpg 768w\" sizes=\"(max-width: 800px) 100vw, 800px\" \/><\/figure>\n\n\n\n<p><a href=\"https:\/\/www.diariodeleon.es\/author\/ana.gaitero\">Ana Gaitero<\/a> 18\/06\/20 DIARIO DE LE\u00d3N<\/p>\n\n\n\n<p>\u00abLa salud es \u00fanica \u2014One Health\u2014 y ser\u00eda un error grav\u00edsimo prescindir de la sanidad animal, igual que de la ambiental, no s\u00f3lo para las generaciones futuras, sino para el planeta\u00bb. Son palabras del catedr\u00e1tico de Sanidad Animal de la ULE y presidente de la Academia de Ciencias Veterinarias de Castilla y Le\u00f3n, El\u00edas Rodr\u00edguez Ferri.<\/p>\n\n\n\n<p>La crisis del coronavirus es, en su opini\u00f3n, \u00abla punta de un iceberg y nos estamos jugando no solo nuestro futuro, sino el del planeta\u00bb.<\/p>\n\n\n\n<p>El \u00fanico veterinario presente en la comisi\u00f3n de expertos que durante los \u00faltimos meses de pandemia de Covid-19 ha asesorado a la Junta de Castilla y Le\u00f3n, y m\u00e1s en concreto a la Consejer\u00eda de Sanidad, que dirige Ver\u00f3nica Casado.<\/p>\n\n\n\n<p>Ferri se incorpor\u00f3 el 21 de marzo, d\u00edas despu\u00e9s de que se creara este comit\u00e9 de expertos con Ignacio Rosell, profesor de Medicina Preventiva en la UVA, como secretario de las reuniones presididas por la consejera. La implantaci\u00f3n de tratamientos, la situaci\u00f3n en los hospitales, la disponibilidad de Epis, las alertas&#8230; los temas candentes de los d\u00edas m\u00e1s duros de la pandemia se ventilaban en reuniones \u00e1giles.<\/p>\n\n\n\n<blockquote class=\"wp-block-quote is-layout-flow wp-block-quote-is-layout-flow\"><p><strong>Profesi\u00f3n al margen<\/strong><br>\u00abLos veterinarios hubi\u00e9ramos sido muy \u00fatiles al principio de la pandemia\u00bb<\/p><\/blockquote>\n\n\n\n<p>\u00abLos veterinarios hubi\u00e9ramos sido muy \u00fatiles en el comienzo de la pandemia\u00bb, comenta el catedr\u00e1tico. Pero no se cont\u00f3 con ellos hasta que no empezaron a alzar la voz desde distintos frentes. \u00abTenemos mucha experiencia en este terreno con los animales. Desde el momento en que tienes una alerta la actuaci\u00f3n es inmediata. No puedes recibir una llamada de un ganadero que tenga un mill\u00f3n de gallinas y esperar al lunes\u00bb, comenta.<\/p>\n\n\n\n<p>En la pandemia del Covid-19 se restringieron las capacidades para hacer pruebas porque inicialmente \u00abse produjo un cuello de botella por la falta de kits\u00bb para la extracci\u00f3n del \u00e1cido nucl\u00e9ico y su posterior ampliaci\u00f3n \u2014con copias\u2014 para determinar la existencia o no del virus en las muestras.<\/p>\n\n\n\n<p>La presencia de Ferri fue determinante, con todo, para que el Laboratorio Regional de Sanidad Animal de Castilla y Le\u00f3n, con sede en Navatejera, se incorporara como infraestructura id\u00f3nea para realizar las PCR, despu\u00e9s de que ya lo hiciera la Facultad de Veterinaria de Le\u00f3n y, con el paso de los d\u00edas, todas las dem\u00e1s de la Comunidad.<\/p>\n\n\n\n<p>\u00abEl primero que dijo en el comit\u00e9 de expertos que se pod\u00eda contar el Laboratorio Pecuario para hacer las PCR fui yo\u00bb, se\u00f1ala. En \u00e9pocas de crisis de sanidad animal este laboratorio puede llegar a hacer millones de reacciones. \u00abCuando se va a una explotaci\u00f3n hay que muestrear a todos los animales\u00bb, apunta.<\/p>\n\n\n\n<p>El concepto de One Health \u2014una sola salud\u2014 viene a decir que la salud humana, la animal y la ambiental est\u00e1n influenciadas. Y el coronavirus, bautizado cient\u00edficamente como Sars-Cov-2, ha venido a confirmarlo y hacer una nueva advertencia a la humanidad. \u00abNo es excepcional. En lo que llevamos de siglo ya hay unas cuantas advertencias\u00bb, puntualiza El\u00edas Rodr\u00edguez Ferri.<\/p>\n\n\n\n<p>Y todas tienen que ver con el mundo animal. La gripe aviar o Sars (s\u00edndrome agudo respiratorio) apareci\u00f3 en 2002 y desapareci\u00f3 porque el contagio disminu\u00eda por debajo de 1. El coronavirus se alojaba, sin causar da\u00f1os, en cibetas y murci\u00e9lagos.<\/p>\n\n\n\n<p>A continuaci\u00f3n eclosion\u00f3 el s\u00edndrome por coronavirus de Oriente Medio, \u00abpresente en murci\u00e9lagos y camellos y que sigue matando\u00bb, precisa el catedr\u00e1tico. Los genipavirus, que proceden de los murci\u00e9lagos, salt\u00f3 del cerdo al hombre y se produjo un proceso grave en Malasia. Los murci\u00e9lagos frug\u00edvoros se expandieron contaminaron a los cerdos en una zona de granjas donde se eliminaron muchos \u00e1rboles. Y del cerdo, el virus pas\u00f3 a los cuidadores de las granjas.<\/p>\n\n\n\n<p>\u00abSi se hubiera aplicado la doctrina de One Health se hubieran evitado muchas muertes. Esto significa que hay que compartir todo, porque la salud humana, la animal y la ambiental van unidas\u00bb, a\u00f1ade.<\/p>\n\n\n\n<p>En una sociedad global como la actual, \u00abhay que mirar m\u00e1s hacia el exterior: comemos kiwis de Nueva Zelanda, carne de Argentina&#8230; Para eso est\u00e1n las redes. Todo lo que pueda ocurrir en un lugar lejano tiene importancia en nuestra salud\u00bb, subraya.<\/p>\n\n\n\n<p>Rodr\u00edguez Ferri recuerda que tuvo su primera experiencia con pandemias animales en 1997 a ra\u00edz de la crisis de la turalemia en la poblaci\u00f3n de conejos. Desde entonces tiene inter\u00e9s en las enfermedades emergentes. \u00abEs un tema que me preocupa, pero me fascina\u00bb, admite.<\/p>\n\n\n\n<p>Ahora le preocupa especialmente lo que pueda pasar en \u00c1frica y en la India.<\/p>\n","protected":false},"excerpt":{"rendered":"<p>El\u00edas Rodr\u00edguez Ferri, catedr\u00e1tico de Sanidad Animal en la Universidad de Le\u00f3n y presidente de la Academia de Ciencias Veterinarias de Castilla y Le\u00f3n es&hellip;<\/p>\n","protected":false},"author":1,"featured_media":365,"comment_status":"open","ping_status":"open","sticky":false,"template":"","format":"standard","meta":{"footnotes":""},"categories":[1],"tags":[],"_links":{"self":[{"href":"https:\/\/academiacienciasveterinariascyl.com\/noticias\/wp-json\/wp\/v2\/posts\/362"}],"collection":[{"href":"https:\/\/academiacienciasveterinariascyl.com\/noticias\/wp-json\/wp\/v2\/posts"}],"about":[{"href":"https:\/\/academiacienciasveterinariascyl.com\/noticias\/wp-json\/wp\/v2\/types\/post"}],"author":[{"embeddable":true,"href":"https:\/\/academiacienciasveterinariascyl.com\/noticias\/wp-json\/wp\/v2\/users\/1"}],"replies":[{"embeddable":true,"href":"https:\/\/academiacienciasveterinariascyl.com\/noticias\/wp-json\/wp\/v2\/comments?post=362"}],"version-history":[{"count":1,"href":"https:\/\/academiacienciasveterinariascyl.com\/noticias\/wp-json\/wp\/v2\/posts\/362\/revisions"}],"predecessor-version":[{"id":364,"href":"https:\/\/academiacienciasveterinariascyl.com\/noticias\/wp-json\/wp\/v2\/posts\/362\/revisions\/364"}],"wp:featuredmedia":[{"embeddable":true,"href":"https:\/\/academiacienciasveterinariascyl.com\/noticias\/wp-json\/wp\/v2\/media\/365"}],"wp:attachment":[{"href":"https:\/\/academiacienciasveterinariascyl.com\/noticias\/wp-json\/wp\/v2\/media?parent=362"}],"wp:term":[{"taxonomy":"category","embeddable":true,"href":"https:\/\/academiacienciasveterinariascyl.com\/noticias\/wp-json\/wp\/v2\/categories?post=362"},{"taxonomy":"post_tag","embeddable":true,"href":"https:\/\/academiacienciasveterinariascyl.com\/noticias\/wp-json\/wp\/v2\/tags?post=362"}],"curies":[{"name":"wp","href":"https:\/\/api.w.org\/{rel}","templated":true}]}}