{"id":360,"date":"2020-06-11T17:48:05","date_gmt":"2020-06-11T17:48:05","guid":{"rendered":"http:\/\/academiacienciasveterinariascyl.com\/noticias\/?p=360"},"modified":"2020-06-11T17:48:35","modified_gmt":"2020-06-11T17:48:35","slug":"ojala-hubiera-al-menos-un-veterinario-en-cada-comite-frente-al-coronaviruselias-rodriguez-ferri","status":"publish","type":"post","link":"https:\/\/academiacienciasveterinariascyl.com\/noticias\/ojala-hubiera-al-menos-un-veterinario-en-cada-comite-frente-al-coronaviruselias-rodriguez-ferri\/","title":{"rendered":"\u201cOjal\u00e1 hubiera al menos un veterinario en cada comit\u00e9 frente al coronavirus\u201dEl\u00edas Rodr\u00edguez Ferri:"},"content":{"rendered":"\n<p><\/p>\n\n\n\n<p><\/p>\n\n\n\n<p>El\u00edas Rodr\u00edguez Ferri posee un amplio curr\u00edculum como veterinario especialista en microbiolog\u00eda e inmunolog\u00eda, entre los que destacan ser catedr\u00e1tico em\u00e9rito de la facultad de Veterinaria en la Universidad de Le\u00f3n, presidente de la Academia de Ciencias Veterinarias de Castilla y Le\u00f3n y decano del Cuerpo Nacional Veterinario. Adem\u00e1s, Rodr\u00edguez Ferri fue el primer veterinario que se incorpor\u00f3 a un comit\u00e9 de expertos sobre asuntos de coronavirus.<\/p>\n\n\n\n<p><a href=\"https:\/\/www.youtube.com\/watch?v=GyF4FU_Ffl4\" target=\"_blank\" rel=\"noreferrer noopener\">VER V\u00cdDEO YOUTUBE<\/a><\/p>\n\n\n\n<p>En su caso fue llamado por la Junta de Castilla y Le\u00f3n, y lleva colaborando desde principios del mes de abril con dicho comit\u00e9, formado por m\u00e1s de 20 profesionales de distintas especialidades, como m\u00e9dicos, farmac\u00e9uticos o enfermeros, que llevan a cabo un trabajo que no se limita a las reuniones semanales, sino que \u201chay a\u00f1adidos constantemente a lo largo de la semana con aportaciones de todos los miembros\u201d, explica.<\/p>\n\n\n\n<p>Cuestiones sanitarias asistenciales, bioseguridad, o la preparaci\u00f3n de los borradores para el plan de desescalada est\u00e1n entre las tareas que desarrolla el comit\u00e9, a la que Rodr\u00edguez Ferri comenta que ha aportado su visi\u00f3n como veterinario para introducir el concepto Una sola salud.<\/p>\n\n\n\n<p>El\u00edas Rodr\u00edguez Ferri es el \u00fanico veterinario del comit\u00e9, y uno de los pocos que forman parte de alg\u00fan comit\u00e9 en toda Espa\u00f1a. \u201cOjal\u00e1 en todas las comunidades aut\u00f3nomas hubiera al menos un representante veterinario\u201d, afirma.<\/p>\n\n\n\n<p>Rodr\u00edguez Ferri valora muy positivamente que la Junta de Castilla y Le\u00f3n contase con \u00e9l para formar parte del comit\u00e9, aunque en general considera que los veterinarios han estado \u201cmuy mal valorados\u201d en la gesti\u00f3n de la pandemia, a pesar de que desde el principio la profesi\u00f3n veterinaria ha dado propuestas de colaboraci\u00f3n, y tanto las facultades de Veterinaria como los veterinarios militares y los laboratorios de sanidad animal han trabajado para luchar contra el coronavirus. \u201cAhora se est\u00e1 reconociendo que somos profesionales competentes, pero podr\u00edamos haber sido mejor aprovechados, y desde el principio\u201d, valora.<\/p>\n\n\n\n<p>La naturaleza nueva de este coronavirus hace que Rodr\u00edguez Ferri sea cauto a la hora de hablar de c\u00f3mo podr\u00eda evolucionar la pandemia. \u201cLa incertidumbre es total\u201d, advierte, aunque se\u00f1ala que existe el apoyo del conocimiento de otros coronavirus. Tambi\u00e9n advierte del peligro de la relajaci\u00f3n de las medidas de higiene y profilaxis, y afirma que \u201cla experiencia de lo que hemos vivido hasta ahora debe ser aprovechada\u201d de cara al futuro.<\/p>\n","protected":false},"excerpt":{"rendered":"<p>El\u00edas Rodr\u00edguez Ferri posee un amplio curr\u00edculum como veterinario especialista en microbiolog\u00eda e inmunolog\u00eda, entre los que destacan ser catedr\u00e1tico em\u00e9rito de la facultad de&hellip;<\/p>\n","protected":false},"author":1,"featured_media":168,"comment_status":"open","ping_status":"open","sticky":false,"template":"","format":"standard","meta":{"footnotes":""},"categories":[1],"tags":[],"_links":{"self":[{"href":"https:\/\/academiacienciasveterinariascyl.com\/noticias\/wp-json\/wp\/v2\/posts\/360"}],"collection":[{"href":"https:\/\/academiacienciasveterinariascyl.com\/noticias\/wp-json\/wp\/v2\/posts"}],"about":[{"href":"https:\/\/academiacienciasveterinariascyl.com\/noticias\/wp-json\/wp\/v2\/types\/post"}],"author":[{"embeddable":true,"href":"https:\/\/academiacienciasveterinariascyl.com\/noticias\/wp-json\/wp\/v2\/users\/1"}],"replies":[{"embeddable":true,"href":"https:\/\/academiacienciasveterinariascyl.com\/noticias\/wp-json\/wp\/v2\/comments?post=360"}],"version-history":[{"count":1,"href":"https:\/\/academiacienciasveterinariascyl.com\/noticias\/wp-json\/wp\/v2\/posts\/360\/revisions"}],"predecessor-version":[{"id":361,"href":"https:\/\/academiacienciasveterinariascyl.com\/noticias\/wp-json\/wp\/v2\/posts\/360\/revisions\/361"}],"wp:featuredmedia":[{"embeddable":true,"href":"https:\/\/academiacienciasveterinariascyl.com\/noticias\/wp-json\/wp\/v2\/media\/168"}],"wp:attachment":[{"href":"https:\/\/academiacienciasveterinariascyl.com\/noticias\/wp-json\/wp\/v2\/media?parent=360"}],"wp:term":[{"taxonomy":"category","embeddable":true,"href":"https:\/\/academiacienciasveterinariascyl.com\/noticias\/wp-json\/wp\/v2\/categories?post=360"},{"taxonomy":"post_tag","embeddable":true,"href":"https:\/\/academiacienciasveterinariascyl.com\/noticias\/wp-json\/wp\/v2\/tags?post=360"}],"curies":[{"name":"wp","href":"https:\/\/api.w.org\/{rel}","templated":true}]}}