{"id":347,"date":"2020-04-21T14:13:49","date_gmt":"2020-04-21T14:13:49","guid":{"rendered":"http:\/\/academiacienciasveterinariascyl.com\/noticias\/?p=347"},"modified":"2020-04-21T14:15:35","modified_gmt":"2020-04-21T14:15:35","slug":"los-veterinarios-encabezan-la-lucha-contra-el-coronavirus-en-alemania-y-dinamarca-con-buenos-resultados","status":"publish","type":"post","link":"https:\/\/academiacienciasveterinariascyl.com\/noticias\/los-veterinarios-encabezan-la-lucha-contra-el-coronavirus-en-alemania-y-dinamarca-con-buenos-resultados\/","title":{"rendered":"Los veterinarios encabezan la lucha contra el coronavirus en Alemania y Dinamarca con buenos resultados"},"content":{"rendered":"\n<p>Entrevista en AGROPOPULAR con El\u00edas Fernando Rodr\u00edguez Ferri, catedr\u00e1tico de Sanidad Animal de la Universidad de Le\u00f3n<\/p>\n\n\n\n\n\n<p>En esta <a href=\"https:\/\/www.agropopular.com\/veterinarios-crisis-sanitaria-160420\/\">crisis sanitaria<\/a>  ocasionada por el COVID-19 muchos profesionales est\u00e1n trabajando junto  al Gobierno para combatir el virus. Sin embargo, una de las profesiones  con la que \u201cno se est\u00e1 contando\u201d es la de los veterinarios. Sobre ello  hablamos en AGROPOPULAR -18 de abril- con <strong>El\u00edas Fernando Rodr\u00edguez Ferri<\/strong>, catedr\u00e1tico de Sanidad Animal de la <a rel=\"noreferrer noopener\" href=\"https:\/\/www.unileon.es\/\" target=\"_blank\">Universidad de Le\u00f3n<\/a>,  quien puso en valor el papel que pueden desempe\u00f1ar los veterinarios y  explic\u00f3 lo que, a su juicio, se deber\u00eda hacer para combatir el  coronavirus.<\/p>\n\n\n\n<p><a href=\"https:\/\/www.agropopular.com\/veterinarios-coronavirus-200420\/\" target=\"_blank\" rel=\"noreferrer noopener\" aria-label=\"ESCUCHAR AUDIO (se abre en una nueva pesta\u00f1a)\"><strong>ESCUCHAR AUDIO<\/strong><\/a><\/p>\n\n\n\n<p>En primer lugar, Rodr\u00edguez Ferri se\u00f1al\u00f3 que es una  l\u00e1stima que no hayan considerado, tanto a nivel central como auton\u00f3mico,  incluir a estos profesionales en las labores de investigaci\u00f3n y  prevenci\u00f3n -exceptuando Castilla y Le\u00f3n, donde es miembro del Comit\u00e9 de  Expertos- ya que \u201ctenemos mejor formaci\u00f3n que la mayor parte de los  profesionales que est\u00e1n ejerciendo actualmente. Un ejemplo de ello es el  plan de estudios de la Facultad de Veterinaria de la Universidad de  Le\u00f3n, que contiene m\u00e1s de 20 cr\u00e9ditos de diferencia en materias que  tienen que ver con las epidemias, respecto a las Facultades de  Medicina\u201d.<\/p>\n\n\n\n<figure class=\"wp-block-image size-large\"><img loading=\"lazy\" decoding=\"async\" width=\"696\" height=\"522\" src=\"https:\/\/academiacienciasveterinariascyl.com\/noticias\/wp-content\/uploads\/2020\/04\/recevet_plataforma-696x522-1.jpg\" alt=\"\" class=\"wp-image-348\" srcset=\"https:\/\/academiacienciasveterinariascyl.com\/noticias\/wp-content\/uploads\/2020\/04\/recevet_plataforma-696x522-1.jpg 696w, https:\/\/academiacienciasveterinariascyl.com\/noticias\/wp-content\/uploads\/2020\/04\/recevet_plataforma-696x522-1-300x225.jpg 300w\" sizes=\"(max-width: 696px) 100vw, 696px\" \/><figcaption> Imagen de la Consejer\u00eda de Agricultura, Pesca y Desarrollo Rural de la Junta de Andaluc\u00eda. <\/figcaption><\/figure>\n\n\n\n<p>En segundo lugar, explic\u00f3 lo que, en su opini\u00f3n, se \ndeber\u00eda hacer para combatir esta pandemia y que se puede observar en las\n acciones que est\u00e1n llevando a cabo pa\u00edses de nuestro propio entorno \ncomo Dinamarca o Alemania, donde han puesto a los veterinarios al \nfrente.<\/p>\n\n\n\n<p>\u201c<strong>Lo primero que hay que saber es lo que est\u00e1 \npasando y para ello hay que cubrir el mayor n\u00famero de pruebas \ndiagn\u00f3sticas en el menor tiempo posible<\/strong>. Una vez se tenga conocimiento de lo que est\u00e1 pasando se establecen las actuaciones correspondientes\u201d, apunt\u00f3.<\/p>\n\n\n\n<p>\u201cCreo\n que en Espa\u00f1a estamos llegando demasiado tarde, ya que no sabemos muy \nbien ni cuantos portadores asintom\u00e1ticos tenemos, ni cuantos individuos \nhan pasado la enfermedad y tienen inmunidad protectora. <strong>Queda un amplio espectro todav\u00eda sin cubrir y es absolutamente necesario<\/strong>\u201c, detall\u00f3.<\/p>\n\n\n\n<h3 class=\"wp-block-heading\"><strong>Normas de bioseguridad y recomendaciones<\/strong><\/h3>\n\n\n\n<p>Finalmente,\n el catedr\u00e1tico de Sanidad Animal hizo hincapi\u00e9 en algunas \nrecomendaciones que podemos llevar a cabo durante esta situaci\u00f3n de \nemergencia sanitaria. Entre ellas, destac\u00f3 la de identificar \nperfectamente el centro, poner todo tipo de barreras externas e internas\n con el fin de que un hipot\u00e9tico pat\u00f3geno no entre, ya que una vez \ndentro es muy dif\u00edcil frenarlo. \u201cComo se hace en las explotaciones \nagrarias\u201d.<\/p>\n\n\n\n<p>\u201cPrecisamente es el manejo y la bioseguridad la  herramienta clave para tratar de controlarlo. Si lo trasladamos a  nuestro ambiente m\u00e1s pr\u00f3ximo, solo hay que aplicar estos mismos  principios. Hay que extremar las medidas higi\u00e9nicas, en el momento que  se accede al lugar de residencia hay que lavarse las manos, desinfectar,  ventilar\u2026 mentalizarse de que estos pat\u00f3genos son invisibles al ojo  humano pero est\u00e1n ah\u00ed\u201d.<\/p>\n\n\n\n<p><\/p>\n\n\n\n<p>Fuente agropopular<\/p>\n","protected":false},"excerpt":{"rendered":"<p>Entrevista en AGROPOPULAR con El\u00edas Fernando Rodr\u00edguez Ferri, catedr\u00e1tico de Sanidad Animal de la Universidad de Le\u00f3n En esta crisis sanitaria ocasionada por el COVID-19&hellip;<\/p>\n","protected":false},"author":1,"featured_media":351,"comment_status":"open","ping_status":"open","sticky":false,"template":"","format":"standard","meta":{"footnotes":""},"categories":[1],"tags":[],"_links":{"self":[{"href":"https:\/\/academiacienciasveterinariascyl.com\/noticias\/wp-json\/wp\/v2\/posts\/347"}],"collection":[{"href":"https:\/\/academiacienciasveterinariascyl.com\/noticias\/wp-json\/wp\/v2\/posts"}],"about":[{"href":"https:\/\/academiacienciasveterinariascyl.com\/noticias\/wp-json\/wp\/v2\/types\/post"}],"author":[{"embeddable":true,"href":"https:\/\/academiacienciasveterinariascyl.com\/noticias\/wp-json\/wp\/v2\/users\/1"}],"replies":[{"embeddable":true,"href":"https:\/\/academiacienciasveterinariascyl.com\/noticias\/wp-json\/wp\/v2\/comments?post=347"}],"version-history":[{"count":2,"href":"https:\/\/academiacienciasveterinariascyl.com\/noticias\/wp-json\/wp\/v2\/posts\/347\/revisions"}],"predecessor-version":[{"id":350,"href":"https:\/\/academiacienciasveterinariascyl.com\/noticias\/wp-json\/wp\/v2\/posts\/347\/revisions\/350"}],"wp:featuredmedia":[{"embeddable":true,"href":"https:\/\/academiacienciasveterinariascyl.com\/noticias\/wp-json\/wp\/v2\/media\/351"}],"wp:attachment":[{"href":"https:\/\/academiacienciasveterinariascyl.com\/noticias\/wp-json\/wp\/v2\/media?parent=347"}],"wp:term":[{"taxonomy":"category","embeddable":true,"href":"https:\/\/academiacienciasveterinariascyl.com\/noticias\/wp-json\/wp\/v2\/categories?post=347"},{"taxonomy":"post_tag","embeddable":true,"href":"https:\/\/academiacienciasveterinariascyl.com\/noticias\/wp-json\/wp\/v2\/tags?post=347"}],"curies":[{"name":"wp","href":"https:\/\/api.w.org\/{rel}","templated":true}]}}