{"id":343,"date":"2020-04-20T17:15:17","date_gmt":"2020-04-20T17:15:17","guid":{"rendered":"http:\/\/academiacienciasveterinariascyl.com\/noticias\/?p=343"},"modified":"2020-04-20T17:15:17","modified_gmt":"2020-04-20T17:15:17","slug":"hasta-300-pcr-al-dia-en-el-laboratorio-de-salud-animal-de-la-junta-de-castilla-y-leon-en-leon","status":"publish","type":"post","link":"https:\/\/academiacienciasveterinariascyl.com\/noticias\/hasta-300-pcr-al-dia-en-el-laboratorio-de-salud-animal-de-la-junta-de-castilla-y-leon-en-leon\/","title":{"rendered":"Hasta 300 PCR al d\u00eda en el laboratorio de salud animal de la Junta de  Castilla y Le\u00f3n en Le\u00f3n"},"content":{"rendered":"\n<p> El Laboratorio Regional de Sanidad Animal de la Junta con sede en  Le\u00f3n se incorporar\u00e1 en los pr\u00f3ximos d\u00edas a la red sanitaria para hacer  PCR, las pruebas del coronavirus. La consejera de Sanidad, Ver\u00f3nica  Casado, se\u00f1al\u00f3 ayer que est\u00e1 previsto que este centro realice unas 300  pruebas al d\u00eda.<\/p>\n\n\n\n<figure class=\"wp-block-image size-large\"><img loading=\"lazy\" decoding=\"async\" width=\"800\" height=\"518\" src=\"https:\/\/academiacienciasveterinariascyl.com\/noticias\/wp-content\/uploads\/2020\/04\/centro-salud-animal-en-leon-.jpg\" alt=\"\" class=\"wp-image-344\" srcset=\"https:\/\/academiacienciasveterinariascyl.com\/noticias\/wp-content\/uploads\/2020\/04\/centro-salud-animal-en-leon-.jpg 800w, https:\/\/academiacienciasveterinariascyl.com\/noticias\/wp-content\/uploads\/2020\/04\/centro-salud-animal-en-leon--300x194.jpg 300w, https:\/\/academiacienciasveterinariascyl.com\/noticias\/wp-content\/uploads\/2020\/04\/centro-salud-animal-en-leon--768x497.jpg 768w\" sizes=\"(max-width: 800px) 100vw, 800px\" \/><\/figure>\n\n\n\n<p>El laboratorio cuenta con un \u00e1rea de PCR y tres \ntermocicladores, as\u00ed como el personal formado para este prueba \nespec\u00edfica que ha sido informado de que realizar\u00e1 las pruebas en horario\n de tarde. El Instituto de Salud Carlos III valid\u00f3 al Laboratorio \nRegional de Sanidad Animal de Le\u00f3n al igual que a la Universidad de \nLe\u00f3n, que ya las realiza desde hace semana y media, para las pruebas del\n coronavirus. En la ULE se est\u00e1n haciendo unos cien PCR al d\u00eda y seg\u00fan \nla consejera pod\u00edan alcanzarse hasta las 300.<\/p>\n\n\n\n<p>El\n Instituto de Salud Carlos III ha validado ya a 13 laboratorios de toda \nEspa\u00f1a para las PCR. Entre los ocho \u00faltimos, adem\u00e1s de la ULE y el \nPecuario sfue acrediitado el Laboratorio de Identificaci\u00f3n R\u00e1pida de la \nUME. <\/p>\n","protected":false},"excerpt":{"rendered":"<p>El Laboratorio Regional de Sanidad Animal de la Junta con sede en Le\u00f3n se incorporar\u00e1 en los pr\u00f3ximos d\u00edas a la red sanitaria para hacer&hellip;<\/p>\n","protected":false},"author":1,"featured_media":75,"comment_status":"open","ping_status":"open","sticky":false,"template":"","format":"standard","meta":{"footnotes":""},"categories":[1],"tags":[],"_links":{"self":[{"href":"https:\/\/academiacienciasveterinariascyl.com\/noticias\/wp-json\/wp\/v2\/posts\/343"}],"collection":[{"href":"https:\/\/academiacienciasveterinariascyl.com\/noticias\/wp-json\/wp\/v2\/posts"}],"about":[{"href":"https:\/\/academiacienciasveterinariascyl.com\/noticias\/wp-json\/wp\/v2\/types\/post"}],"author":[{"embeddable":true,"href":"https:\/\/academiacienciasveterinariascyl.com\/noticias\/wp-json\/wp\/v2\/users\/1"}],"replies":[{"embeddable":true,"href":"https:\/\/academiacienciasveterinariascyl.com\/noticias\/wp-json\/wp\/v2\/comments?post=343"}],"version-history":[{"count":1,"href":"https:\/\/academiacienciasveterinariascyl.com\/noticias\/wp-json\/wp\/v2\/posts\/343\/revisions"}],"predecessor-version":[{"id":345,"href":"https:\/\/academiacienciasveterinariascyl.com\/noticias\/wp-json\/wp\/v2\/posts\/343\/revisions\/345"}],"wp:featuredmedia":[{"embeddable":true,"href":"https:\/\/academiacienciasveterinariascyl.com\/noticias\/wp-json\/wp\/v2\/media\/75"}],"wp:attachment":[{"href":"https:\/\/academiacienciasveterinariascyl.com\/noticias\/wp-json\/wp\/v2\/media?parent=343"}],"wp:term":[{"taxonomy":"category","embeddable":true,"href":"https:\/\/academiacienciasveterinariascyl.com\/noticias\/wp-json\/wp\/v2\/categories?post=343"},{"taxonomy":"post_tag","embeddable":true,"href":"https:\/\/academiacienciasveterinariascyl.com\/noticias\/wp-json\/wp\/v2\/tags?post=343"}],"curies":[{"name":"wp","href":"https:\/\/api.w.org\/{rel}","templated":true}]}}